{"id":11192,"date":"2018-09-13T15:43:05","date_gmt":"2018-09-13T13:43:05","guid":{"rendered":"http:\/\/serveiseducatius.xtec.cat\/altmaresme\/?p=11192"},"modified":"2018-09-13T15:55:14","modified_gmt":"2018-09-13T13:55:14","slug":"inauguracio-institucional-de-lescola-el-far-a-calella-antiga-escola-dr-carles-salicru","status":"publish","type":"post","link":"https:\/\/serveiseducatius.xtec.cat\/altmaresme\/general\/inauguracio-institucional-de-lescola-el-far-a-calella-antiga-escola-dr-carles-salicru\/","title":{"rendered":"Inauguraci\u00f3 institucional de l&#8217;escola EL FAR  a Calella (antiga escola Dr. Carles Salicr\u00fa)"},"content":{"rendered":"<p>El Far, antiga escola Salicr\u00fa, ha estat inaugurada amb la visita dels molt honorables Quim Torra president de la Generalitat i\u00a0 Josep Bargall\u00f3\u00a0conseller d&#8217; Ensenyament.<\/p>\n<p>Un inici de curs especial als nous equipaments de la F\u00e0brica Llobet-Guri despr\u00e9s del trasllat des de les antigues instal\u00b7lacions del Salicr\u00fa.<\/p>\n<p><a href=\"https:\/\/youtu.be\/76MijOcf4tQ\">Aqu\u00ed teniu un tall de tv3<\/a><\/p>\n<p>&nbsp;<\/p>\n","protected":false},"excerpt":{"rendered":"<p>El Far, antiga escola Salicr\u00fa, ha estat inaugurada amb la visita dels molt honorables Quim Torra president de la Generalitat i\u00a0 Josep Bargall\u00f3\u00a0conseller d&#8217; Ensenyament.<br \/>\nUn inici de curs especial als nous equipaments de la F\u00e0brica Llobet-Guri despr\u00e9s del trasllat des de les antigues instal\u00b7lacions del&hellip;  <a href=\"https:\/\/serveiseducatius.xtec.cat\/altmaresme\/general\/inauguracio-institucional-de-lescola-el-far-a-calella-antiga-escola-dr-carles-salicru\/\" title=\"Read Inauguraci\u00f3 institucional de l&#8217;escola EL FAR  a Calella (antiga escola Dr. Carles Salicr\u00fa)\">Llegeix m\u00e9s\u00bb<\/a><\/p>\n","protected":false},"author":71,"featured_media":11193,"comment_status":"open","ping_status":"closed","sticky":false,"template":"","format":"standard","meta":{"_bbp_topic_count":0,"_bbp_reply_count":0,"_bbp_total_topic_count":0,"_bbp_total_reply_count":0,"_bbp_voice_count":0,"_bbp_anonymous_reply_count":0,"_bbp_topic_count_hidden":0,"_bbp_reply_count_hidden":0,"_bbp_forum_subforum_count":0,"footnotes":""},"categories":[1,29],"tags":[],"class_list":["post-11192","post","type-post","status-publish","format-standard","has-post-thumbnail","hentry","category-general","category-portada"],"post_mailing_queue_ids":[],"_links":{"self":[{"href":"https:\/\/serveiseducatius.xtec.cat\/altmaresme\/wp-json\/wp\/v2\/posts\/11192","targetHints":{"allow":["GET"]}}],"collection":[{"href":"https:\/\/serveiseducatius.xtec.cat\/altmaresme\/wp-json\/wp\/v2\/posts"}],"about":[{"href":"https:\/\/serveiseducatius.xtec.cat\/altmaresme\/wp-json\/wp\/v2\/types\/post"}],"author":[{"embeddable":true,"href":"https:\/\/serveiseducatius.xtec.cat\/altmaresme\/wp-json\/wp\/v2\/users\/71"}],"replies":[{"embeddable":true,"href":"https:\/\/serveiseducatius.xtec.cat\/altmaresme\/wp-json\/wp\/v2\/comments?post=11192"}],"version-history":[{"count":2,"href":"https:\/\/serveiseducatius.xtec.cat\/altmaresme\/wp-json\/wp\/v2\/posts\/11192\/revisions"}],"predecessor-version":[{"id":11195,"href":"https:\/\/serveiseducatius.xtec.cat\/altmaresme\/wp-json\/wp\/v2\/posts\/11192\/revisions\/11195"}],"wp:featuredmedia":[{"embeddable":true,"href":"https:\/\/serveiseducatius.xtec.cat\/altmaresme\/wp-json\/wp\/v2\/media\/11193"}],"wp:attachment":[{"href":"https:\/\/serveiseducatius.xtec.cat\/altmaresme\/wp-json\/wp\/v2\/media?parent=11192"}],"wp:term":[{"taxonomy":"category","embeddable":true,"href":"https:\/\/serveiseducatius.xtec.cat\/altmaresme\/wp-json\/wp\/v2\/categories?post=11192"},{"taxonomy":"post_tag","embeddable":true,"href":"https:\/\/serveiseducatius.xtec.cat\/altmaresme\/wp-json\/wp\/v2\/tags?post=11192"}],"curies":[{"name":"wp","href":"https:\/\/api.w.org\/{rel}","templated":true}]}}