{"id":11135,"date":"2018-06-19T09:00:40","date_gmt":"2018-06-19T07:00:40","guid":{"rendered":"http:\/\/serveiseducatius.xtec.cat\/altmaresme\/?p=11135"},"modified":"2018-06-19T09:05:27","modified_gmt":"2018-06-19T07:05:27","slug":"jornada-final-eduhack-11-de-juliol","status":"publish","type":"post","link":"https:\/\/serveiseducatius.xtec.cat\/altmaresme\/portada\/jornada-final-eduhack-11-de-juliol\/","title":{"rendered":"Jornada final EduHack, 11 de juliol"},"content":{"rendered":"<div><\/div>\n<div>\n<p dir=\"ltr\"><span style=\"font-size: small;\">El dia 11 de juliol al mat\u00ed, al Museu Mar\u00edtim, s\u2019exposen els projectes, que els grups consolidats del programa mSchools EduHack i concretament de la <a href=\"https:\/\/www.youtube.com\/watch?v=8b4TB8qOP9s\" target=\"_blank\" rel=\"noopener noreferrer\" data-saferedirecturl=\"https:\/\/www.google.com\/url?hl=ca&amp;q=https:\/\/www.youtube.com\/watch?v%3D8b4TB8qOP9s&amp;source=gmail&amp;ust=1529475723857000&amp;usg=AFQjCNEh34zQ_doi0eg2MkRcGZn64sKTDA\">segona edici\u00f3 d\u2019EduHack<\/a> han desenvolupat d\u2019en\u00e7\u00e0 el 18 de novembre. A m\u00e9s d\u2019aquests projectes hi haur\u00e0 propostes reeixides i testejades de la <a href=\"https:\/\/www.youtube.com\/watch?v=QDn5CdxbIH4\" target=\"_blank\" rel=\"noopener noreferrer\" data-saferedirecturl=\"https:\/\/www.google.com\/url?hl=ca&amp;q=https:\/\/www.youtube.com\/watch?v%3DQDn5CdxbIH4&amp;source=gmail&amp;ust=1529475723857000&amp;usg=AFQjCNGlsA2nb5xYtxzkwwvTysYfejviXQ\">primera edici\u00f3 de l\u2019EduHack<\/a>, i propostes que han sorgit del treball de la Xarxa de Compet\u00e8ncies B\u00e0siques. Totes aquestes propostes han crescut en un marc del treball de cocreaci\u00f3 i design Thinking. Els projectes exposats s\u00f3n propostes did\u00e0ctiques innovadores amb tecnologia digital que es podr\u00e0n implementar el curs vinent.<\/span><\/p>\n<p dir=\"ltr\"><span style=\"font-size: small;\"><a href=\"http:\/\/projectes.xtec.cat\/eduhack\/\" target=\"_blank\" rel=\"noopener noreferrer\" data-saferedirecturl=\"https:\/\/www.google.com\/url?hl=ca&amp;q=http:\/\/projectes.xtec.cat\/eduhack\/&amp;source=gmail&amp;ust=1529475723857000&amp;usg=AFQjCNEOi44BvfAm6RKF5D5M5NgAGuxqRA\">EduHack<\/a> \u00e9s un proc\u00e9s de cocreaci\u00f3 a gran escala que connecta, inspira i capacita els docents per identificar i dissenyar experi\u00e8ncies innovadores per a l\u2019aula, el centre i la comunitat escolar amb l\u2019\u00fas de la tecnologia digital.<\/span><\/p>\n<p dir=\"ltr\"><span style=\"font-size: small;\">Basant-se en la metodologia del Design Thinking, EduHack promou l\u2019aprenentatge basat en projectes i en els reptes del m\u00f3n real, ajudant els docents a preparar els seus alumnes per desenvolupar-se en un present i futur que requereix compet\u00e8ncies digitals i habilitats creatives, de resoluci\u00f3 de problemes i de comunicaci\u00f3 i esperit cr\u00edtic.<\/span><\/p>\n<p dir=\"ltr\"><span style=\"font-size: small;\">El motiu pel qual us convidem a assistir a la Jornada, \u00e9s per que ens consta el vostre inter\u00e8s en la Innovaci\u00f3 Educativa, i concretament la vostra aposta per la transformaci\u00f3 digital educativa. A la Fira de projectes podreu visitar stands, on:<\/span><\/p>\n<ul>\n<li dir=\"ltr\">\n<p dir=\"ltr\"><span style=\"font-size: small;\">els autors de les propostes de la <a href=\"https:\/\/www.youtube.com\/watch?v=8b4TB8qOP9s\" target=\"_blank\" rel=\"noopener noreferrer\" data-saferedirecturl=\"https:\/\/www.google.com\/url?hl=ca&amp;q=https:\/\/www.youtube.com\/watch?v%3D8b4TB8qOP9s&amp;source=gmail&amp;ust=1529475723857000&amp;usg=AFQjCNEh34zQ_doi0eg2MkRcGZn64sKTDA\">segona edici\u00f3 d\u2019EduHack<\/a> us concretaran en qu\u00e8 consisteix la seva proposta per tal de pilotar-la, al vostre centre, durant el curs 2018-2019.<\/span><\/p>\n<\/li>\n<li dir=\"ltr\">\n<p dir=\"ltr\"><span style=\"font-size: small;\">Els autors i implementadors dels projectes de la primera edici\u00f3 de l\u2019EduHack explicaran la seva expoeri\u00e8ncia de pilotatge i la proposta did\u00e0ctica per implantar en el vostre centre.<\/span><\/p>\n<\/li>\n<li dir=\"ltr\">\n<p dir=\"ltr\"><span style=\"font-size: small;\">Els autors dels projectes de la Xarxa de Compet\u00e8ncies b\u00e0siques us explicaran en que consisteix el seu projecte i les l\u00ednies b\u00e0siques per dur-lo a terme en el vostre centre.<\/span><\/p>\n<\/li>\n<\/ul>\n<p dir=\"ltr\"><span style=\"font-size: small;\">Els projectes, de la 1a (per exemple <a href=\"https:\/\/www.youtube.com\/watch?v=ymY_43w4694\" target=\"_blank\" rel=\"noopener noreferrer\" data-saferedirecturl=\"https:\/\/www.google.com\/url?hl=ca&amp;q=https:\/\/www.youtube.com\/watch?v%3DymY_43w4694&amp;source=gmail&amp;ust=1529475723857000&amp;usg=AFQjCNF8BcSXWNV1TYWrwMCh5Birnh87NQ\">Apadrinament Digital<\/a>) \u00a0i la 2a edici\u00f3 els podeu consultar, abans de l\u201911 de juliol, a <a href=\"http:\/\/projectes.xtec.cat\/eduhack\/projectes\/\" target=\"_blank\" rel=\"noopener noreferrer\" data-saferedirecturl=\"https:\/\/www.google.com\/url?hl=ca&amp;q=http:\/\/projectes.xtec.cat\/eduhack\/projectes\/&amp;source=gmail&amp;ust=1529475723857000&amp;usg=AFQjCNH-IMPY9t58_E2Zkr17EYvI5m8t7Q\">http:\/\/projectes.xtec.cat\/eduh<wbr \/>ack\/projectes\/<\/a>. <\/span><\/p>\n<p dir=\"ltr\"><span style=\"font-size: small;\">A partir de l\u201911 de juny, podreu consultar, tamb\u00e9, el v\u00eddeo resum de les propostes de la segona edici\u00f3.<\/span><\/p>\n<p dir=\"ltr\"><span style=\"font-size: small;\">\u00a0L\u2019agenda prevista per l&#8217;11 de juliol \u00e9s:<\/span><\/p>\n<p dir=\"ltr\"><span style=\"font-size: small;\">9:30 Benvinguda <\/span><\/p>\n<p dir=\"ltr\"><span style=\"font-size: small;\">10:00 Presentaci\u00f3 de projectes. Fira per pol\u00b7linitzar<\/span><\/p>\n<p dir=\"ltr\"><span style=\"font-size: small;\">12:00 \u00a0Planificaci\u00f3 del pilotatge<\/span><\/p>\n<p dir=\"ltr\"><span style=\"font-size: small;\">13:45 Cloenda<\/span><\/p>\n<p dir=\"ltr\"><span style=\"font-size: small;\">Si esteu interessats en assistir-hi, heu de fer la inscripci\u00f3 al <a href=\"https:\/\/goo.gl\/forms\/aIXXI9hzobxrff6G2\" target=\"_blank\" rel=\"noopener noreferrer\" data-saferedirecturl=\"https:\/\/www.google.com\/url?hl=ca&amp;q=https:\/\/goo.gl\/forms\/aIXXI9hzobxrff6G2&amp;source=gmail&amp;ust=1529475723858000&amp;usg=AFQjCNGpLDt12dsoILleXC4zUFXk7fI1nQ\">formulari <\/a>seg\u00fcent<\/span><\/p>\n<p><span style=\"font-size: xx-small;\"><span style=\"font-size: small;\"><br \/>\n<\/span><\/span><\/p>\n<\/div>\n","protected":false},"excerpt":{"rendered":"<p>El dia 11 de juliol al mat\u00ed, al Museu Mar\u00edtim, s\u2019exposen els projectes, que els grups consolidats del programa mSchools EduHack i concretament de la <a href=\"https:\/\/www.youtube.com\/watch?v=8b4TB8qOP9s\" target=\"_blank\" rel=\"noopener noreferrer\" data-saferedirecturl=\"https:\/\/www.google.com\/url?hl=ca&amp;q=https:\/\/www.youtube.com\/watch?v%3D8b4TB8qOP9s&amp;source=gmail&amp;ust=1529475723857000&amp;usg=AFQjCNEh34zQ_doi0eg2MkRcGZn64sKTDA\">segona edici\u00f3 d\u2019EduHack<\/a> han desenvolupat d\u2019en\u00e7\u00e0 el 18 de novembre. A m\u00e9s d\u2019aquests projectes hi&hellip;  <a href=\"https:\/\/serveiseducatius.xtec.cat\/altmaresme\/portada\/jornada-final-eduhack-11-de-juliol\/\" title=\"Read Jornada final EduHack, 11 de juliol\">Llegeix m\u00e9s\u00bb<\/a><\/p>\n","protected":false},"author":7,"featured_media":11137,"comment_status":"open","ping_status":"closed","sticky":false,"template":"","format":"standard","meta":{"_bbp_topic_count":0,"_bbp_reply_count":0,"_bbp_total_topic_count":0,"_bbp_total_reply_count":0,"_bbp_voice_count":0,"_bbp_anonymous_reply_count":0,"_bbp_topic_count_hidden":0,"_bbp_reply_count_hidden":0,"_bbp_forum_subforum_count":0,"footnotes":""},"categories":[500,29],"tags":[],"class_list":["post-11135","post","type-post","status-publish","format-standard","has-post-thumbnail","hentry","category-culturadigital","category-portada"],"post_mailing_queue_ids":[],"_links":{"self":[{"href":"https:\/\/serveiseducatius.xtec.cat\/altmaresme\/wp-json\/wp\/v2\/posts\/11135","targetHints":{"allow":["GET"]}}],"collection":[{"href":"https:\/\/serveiseducatius.xtec.cat\/altmaresme\/wp-json\/wp\/v2\/posts"}],"about":[{"href":"https:\/\/serveiseducatius.xtec.cat\/altmaresme\/wp-json\/wp\/v2\/types\/post"}],"author":[{"embeddable":true,"href":"https:\/\/serveiseducatius.xtec.cat\/altmaresme\/wp-json\/wp\/v2\/users\/7"}],"replies":[{"embeddable":true,"href":"https:\/\/serveiseducatius.xtec.cat\/altmaresme\/wp-json\/wp\/v2\/comments?post=11135"}],"version-history":[{"count":3,"href":"https:\/\/serveiseducatius.xtec.cat\/altmaresme\/wp-json\/wp\/v2\/posts\/11135\/revisions"}],"predecessor-version":[{"id":11139,"href":"https:\/\/serveiseducatius.xtec.cat\/altmaresme\/wp-json\/wp\/v2\/posts\/11135\/revisions\/11139"}],"wp:featuredmedia":[{"embeddable":true,"href":"https:\/\/serveiseducatius.xtec.cat\/altmaresme\/wp-json\/wp\/v2\/media\/11137"}],"wp:attachment":[{"href":"https:\/\/serveiseducatius.xtec.cat\/altmaresme\/wp-json\/wp\/v2\/media?parent=11135"}],"wp:term":[{"taxonomy":"category","embeddable":true,"href":"https:\/\/serveiseducatius.xtec.cat\/altmaresme\/wp-json\/wp\/v2\/categories?post=11135"},{"taxonomy":"post_tag","embeddable":true,"href":"https:\/\/serveiseducatius.xtec.cat\/altmaresme\/wp-json\/wp\/v2\/tags?post=11135"}],"curies":[{"name":"wp","href":"https:\/\/api.w.org\/{rel}","templated":true}]}}