{"id":11099,"date":"2018-05-31T12:45:42","date_gmt":"2018-05-31T10:45:42","guid":{"rendered":"http:\/\/serveiseducatius.xtec.cat\/altmaresme\/?p=11099"},"modified":"2021-01-10T23:51:35","modified_gmt":"2021-01-10T22:51:35","slug":"v-jornades-tic-i-educacio","status":"publish","type":"post","link":"https:\/\/serveiseducatius.xtec.cat\/altmaresme\/portada\/v-jornades-tic-i-educacio\/","title":{"rendered":"V Jornades TIC i Educaci\u00f3"},"content":{"rendered":"<p>El <strong>19 i 20 d&#8217;octubre de 2018<\/strong> es celebrar\u00e0 a <strong>Girona<\/strong>, les V Jornades TIC i Educaci\u00f3.<\/p>\n<p>L\u2019edici\u00f3 d\u2019enguany se centrar\u00e0, de manera especial, en l&#8217;<strong><span id=\"cursiva\">Aprenentatge col\u00b7laboratiu<\/span><span class=\"cursiva\"> en xarxa<\/span><\/strong>, entenent que les tecnologies permeten un context educatiu en qu\u00e8 les relacions s\u00f3n fonamentals en el treball en xarxa i amb la xarxa, per\u00f2 tamb\u00e9 s\u2019abordaran altres temes inclosos sota el paraig\u00fces gen\u00e8ric de les Jornades.<\/p>\n<p><a href=\"http:\/\/web2.udg.edu\/ice\/jornades_tic5\/index.html\" target=\"_blank\" rel=\"noopener noreferrer\">Enlla\u00e7 a l&#8217;espai web. <\/a><\/p>\n","protected":false},"excerpt":{"rendered":"<p>El 19 i 20 d&#8217;octubre de 2018 es celebrar\u00e0 a Girona, les V Jornades TIC i Educaci\u00f3.<br \/>\nL\u2019edici\u00f3 d\u2019enguany se centrar\u00e0, de manera especial, en l&#8217;Aprenentatge col\u00b7laboratiu en xarxa, entenent que les tecnologies permeten un context educatiu en qu\u00e8 les relacions s\u00f3n fonamentals en el treball&hellip;  <a href=\"https:\/\/serveiseducatius.xtec.cat\/altmaresme\/portada\/v-jornades-tic-i-educacio\/\" title=\"Read V Jornades TIC i Educaci\u00f3\">Llegeix m\u00e9s\u00bb<\/a><\/p>\n","protected":false},"author":7,"featured_media":11102,"comment_status":"open","ping_status":"closed","sticky":false,"template":"","format":"standard","meta":{"_bbp_topic_count":0,"_bbp_reply_count":0,"_bbp_total_topic_count":0,"_bbp_total_reply_count":0,"_bbp_voice_count":0,"_bbp_anonymous_reply_count":0,"_bbp_topic_count_hidden":0,"_bbp_reply_count_hidden":0,"_bbp_forum_subforum_count":0,"footnotes":""},"categories":[500,29],"tags":[],"class_list":["post-11099","post","type-post","status-publish","format-standard","has-post-thumbnail","hentry","category-culturadigital","category-portada"],"post_mailing_queue_ids":[],"_links":{"self":[{"href":"https:\/\/serveiseducatius.xtec.cat\/altmaresme\/wp-json\/wp\/v2\/posts\/11099","targetHints":{"allow":["GET"]}}],"collection":[{"href":"https:\/\/serveiseducatius.xtec.cat\/altmaresme\/wp-json\/wp\/v2\/posts"}],"about":[{"href":"https:\/\/serveiseducatius.xtec.cat\/altmaresme\/wp-json\/wp\/v2\/types\/post"}],"author":[{"embeddable":true,"href":"https:\/\/serveiseducatius.xtec.cat\/altmaresme\/wp-json\/wp\/v2\/users\/7"}],"replies":[{"embeddable":true,"href":"https:\/\/serveiseducatius.xtec.cat\/altmaresme\/wp-json\/wp\/v2\/comments?post=11099"}],"version-history":[{"count":2,"href":"https:\/\/serveiseducatius.xtec.cat\/altmaresme\/wp-json\/wp\/v2\/posts\/11099\/revisions"}],"predecessor-version":[{"id":11103,"href":"https:\/\/serveiseducatius.xtec.cat\/altmaresme\/wp-json\/wp\/v2\/posts\/11099\/revisions\/11103"}],"wp:featuredmedia":[{"embeddable":true,"href":"https:\/\/serveiseducatius.xtec.cat\/altmaresme\/wp-json\/wp\/v2\/media\/11102"}],"wp:attachment":[{"href":"https:\/\/serveiseducatius.xtec.cat\/altmaresme\/wp-json\/wp\/v2\/media?parent=11099"}],"wp:term":[{"taxonomy":"category","embeddable":true,"href":"https:\/\/serveiseducatius.xtec.cat\/altmaresme\/wp-json\/wp\/v2\/categories?post=11099"},{"taxonomy":"post_tag","embeddable":true,"href":"https:\/\/serveiseducatius.xtec.cat\/altmaresme\/wp-json\/wp\/v2\/tags?post=11099"}],"curies":[{"name":"wp","href":"https:\/\/api.w.org\/{rel}","templated":true}]}}