{"id":11083,"date":"2018-05-23T15:55:24","date_gmt":"2018-05-23T13:55:24","guid":{"rendered":"http:\/\/serveiseducatius.xtec.cat\/altmaresme\/?p=11083"},"modified":"2018-05-23T15:55:24","modified_gmt":"2018-05-23T13:55:24","slug":"roboresme18","status":"publish","type":"post","link":"https:\/\/serveiseducatius.xtec.cat\/altmaresme\/portada\/roboresme18\/","title":{"rendered":"Roboresme18"},"content":{"rendered":"<p>Aquest mat\u00ed, de 9 a 13h, hem realitzat la <strong>5a Jornada de rob\u00f2tica i programaci\u00f3 a l&#8217;Alt Maresme<\/strong>, a Tordera.<\/p>\n<p>Han participat uns <strong>400 alumnes de 13 centres de l&#8217;Alt Maresme, 30 docents i 150 visitants<\/strong>.<\/p>\n<p><a href=\"http:\/\/serveiseducatius.xtec.cat\/altmaresme\/wp-content\/uploads\/usu1140\/2018\/05\/IMG_0051_opt.jpg\"><img loading=\"lazy\" decoding=\"async\" class=\"size-thumbnail wp-image-11084 alignright\" src=\"http:\/\/serveiseducatius.xtec.cat\/altmaresme\/wp-content\/uploads\/usu1140\/2018\/05\/IMG_0051_opt-150x150.jpg\" alt=\"\" width=\"150\" height=\"150\" \/><\/a><\/p>\n<p>A primera part de la jornada els alumnes han presentat breument els seus projectes i el Sr Josep Fern\u00e1ndez, deg\u00e0 de la FIB, ha fet una <strong>confer\u00e8ncia sobre els reptes de la rob\u00f2tica<\/strong> adre\u00e7ada als alumnes de secund\u00e0ria i professorat.<\/p>\n<p>A la segona part, els alumnes presentaven en directe a la Fira, els <strong>projectes de rob\u00f2tica<\/strong> que havien fet al centre.<\/p>\n<p>Ha estat una jornada amb una alta participaci\u00f3 i esperem que el proper curs la puguem tornar a repetir amb el mateix \u00e8xit.<\/p>\n<p>Des de<a href=\"http:\/\/serveiseducatius.xtec.cat\/altmaresme\/wp-content\/uploads\/usu1140\/2018\/05\/IMG_0092_opt.jpg\"><img loading=\"lazy\" decoding=\"async\" class=\"size-thumbnail wp-image-11085 alignleft\" src=\"http:\/\/serveiseducatius.xtec.cat\/altmaresme\/wp-content\/uploads\/usu1140\/2018\/05\/IMG_0092_opt-150x150.jpg\" alt=\"\" width=\"150\" height=\"150\" \/><\/a>ls Serveis Educatius, la nostra <strong>felicitaci\u00f3 i reconeixement a la tasca docent<\/strong> que han fet els membres del grup de treball de rob\u00f2tica i programaci\u00f3 de l&#8217;Alt Maresme. Gr\u00e0cies!<\/p>\n<p>Us compartim un <a href=\"https:\/\/youtu.be\/FRIuUem4j7Q\" target=\"_blank\" rel=\"noopener noreferrer\">v\u00eddeo <\/a>resum de la jornada.<\/p>\n","protected":false},"excerpt":{"rendered":"<p>Aquest mat\u00ed, de 9 a 13h, hem realitzat la 5a Jornada de rob\u00f2tica i programaci\u00f3 a l&#8217;Alt Maresme, a Tordera.<br \/>\nHan participat uns 400 alumnes de 13 centres de l&#8217;Alt Maresme, 30 docents i 150 visitants.<br \/>\n<a href=\"http:\/\/serveiseducatius.xtec.cat\/altmaresme\/wp-content\/uploads\/usu1140\/2018\/05\/IMG_0051_opt.jpg\"><\/a><br \/>\nA primera part de la jornada els alumnes han presentat&hellip;  <a href=\"https:\/\/serveiseducatius.xtec.cat\/altmaresme\/portada\/roboresme18\/\" title=\"Read Roboresme18\">Llegeix m\u00e9s\u00bb<\/a><\/p>\n","protected":false},"author":7,"featured_media":11084,"comment_status":"open","ping_status":"closed","sticky":false,"template":"","format":"standard","meta":{"_bbp_topic_count":0,"_bbp_reply_count":0,"_bbp_total_topic_count":0,"_bbp_total_reply_count":0,"_bbp_voice_count":0,"_bbp_anonymous_reply_count":0,"_bbp_topic_count_hidden":0,"_bbp_reply_count_hidden":0,"_bbp_forum_subforum_count":0,"footnotes":""},"categories":[29],"tags":[],"class_list":["post-11083","post","type-post","status-publish","format-standard","has-post-thumbnail","hentry","category-portada"],"post_mailing_queue_ids":[],"_links":{"self":[{"href":"https:\/\/serveiseducatius.xtec.cat\/altmaresme\/wp-json\/wp\/v2\/posts\/11083","targetHints":{"allow":["GET"]}}],"collection":[{"href":"https:\/\/serveiseducatius.xtec.cat\/altmaresme\/wp-json\/wp\/v2\/posts"}],"about":[{"href":"https:\/\/serveiseducatius.xtec.cat\/altmaresme\/wp-json\/wp\/v2\/types\/post"}],"author":[{"embeddable":true,"href":"https:\/\/serveiseducatius.xtec.cat\/altmaresme\/wp-json\/wp\/v2\/users\/7"}],"replies":[{"embeddable":true,"href":"https:\/\/serveiseducatius.xtec.cat\/altmaresme\/wp-json\/wp\/v2\/comments?post=11083"}],"version-history":[{"count":1,"href":"https:\/\/serveiseducatius.xtec.cat\/altmaresme\/wp-json\/wp\/v2\/posts\/11083\/revisions"}],"predecessor-version":[{"id":11086,"href":"https:\/\/serveiseducatius.xtec.cat\/altmaresme\/wp-json\/wp\/v2\/posts\/11083\/revisions\/11086"}],"wp:featuredmedia":[{"embeddable":true,"href":"https:\/\/serveiseducatius.xtec.cat\/altmaresme\/wp-json\/wp\/v2\/media\/11084"}],"wp:attachment":[{"href":"https:\/\/serveiseducatius.xtec.cat\/altmaresme\/wp-json\/wp\/v2\/media?parent=11083"}],"wp:term":[{"taxonomy":"category","embeddable":true,"href":"https:\/\/serveiseducatius.xtec.cat\/altmaresme\/wp-json\/wp\/v2\/categories?post=11083"},{"taxonomy":"post_tag","embeddable":true,"href":"https:\/\/serveiseducatius.xtec.cat\/altmaresme\/wp-json\/wp\/v2\/tags?post=11083"}],"curies":[{"name":"wp","href":"https:\/\/api.w.org\/{rel}","templated":true}]}}