{"id":11079,"date":"2018-05-23T14:14:33","date_gmt":"2018-05-23T12:14:33","guid":{"rendered":"http:\/\/serveiseducatius.xtec.cat\/altmaresme\/?p=11079"},"modified":"2018-05-23T14:14:33","modified_gmt":"2018-05-23T12:14:33","slug":"english-day-a-palafolls-2","status":"publish","type":"post","link":"https:\/\/serveiseducatius.xtec.cat\/altmaresme\/portada\/english-day-a-palafolls-2\/","title":{"rendered":"English Day a Palafolls"},"content":{"rendered":"<p>Des del Seminari de coordinaci\u00f3 prim\u00e0ria-secund\u00e0ria dels centres educatius de Palafolls, s&#8217;han preparat diverses activitats internivells, interetapes i intercentres per a impulsar l&#8217;expressi\u00f3 oral en llengua anglesa.<\/p>\n<p>Compa<a href=\"http:\/\/serveiseducatius.xtec.cat\/altmaresme\/wp-content\/uploads\/usu1140\/2018\/05\/Sense-t\u00edtoldd.png\"><img loading=\"lazy\" decoding=\"async\" class=\"size-thumbnail wp-image-11081 alignleft\" src=\"http:\/\/serveiseducatius.xtec.cat\/altmaresme\/wp-content\/uploads\/usu1140\/2018\/05\/Sense-t\u00edtoldd-150x150.png\" alt=\"\" width=\"150\" height=\"150\" \/><\/a>rtim el programa de la celebraci\u00f3 de l&#8217;English Day amb diferents activitats a cada centre, com a cloenda del Seminari.<\/p>\n<p>&nbsp;<\/p>\n","protected":false},"excerpt":{"rendered":"<p>Des del Seminari de coordinaci\u00f3 prim\u00e0ria-secund\u00e0ria dels centres educatius de Palafolls, s&#8217;han preparat diverses activitats internivells, interetapes i intercentres per a impulsar l&#8217;expressi\u00f3 oral en llengua anglesa.<br \/>\nCompa<a href=\"http:\/\/serveiseducatius.xtec.cat\/altmaresme\/wp-content\/uploads\/usu1140\/2018\/05\/Sense-t\u00edtoldd.png\"><\/a>rtim el programa de la celebraci\u00f3 de l&#8217;English Day amb diferents activitats a cada centre, com a cloenda&hellip;  <a href=\"https:\/\/serveiseducatius.xtec.cat\/altmaresme\/portada\/english-day-a-palafolls-2\/\" title=\"Read English Day a Palafolls\">Llegeix m\u00e9s\u00bb<\/a><\/p>\n","protected":false},"author":7,"featured_media":11080,"comment_status":"open","ping_status":"closed","sticky":false,"template":"","format":"standard","meta":{"_bbp_topic_count":0,"_bbp_reply_count":0,"_bbp_total_topic_count":0,"_bbp_total_reply_count":0,"_bbp_voice_count":0,"_bbp_anonymous_reply_count":0,"_bbp_topic_count_hidden":0,"_bbp_reply_count_hidden":0,"_bbp_forum_subforum_count":0,"footnotes":""},"categories":[29],"tags":[],"class_list":["post-11079","post","type-post","status-publish","format-standard","has-post-thumbnail","hentry","category-portada"],"post_mailing_queue_ids":[],"_links":{"self":[{"href":"https:\/\/serveiseducatius.xtec.cat\/altmaresme\/wp-json\/wp\/v2\/posts\/11079","targetHints":{"allow":["GET"]}}],"collection":[{"href":"https:\/\/serveiseducatius.xtec.cat\/altmaresme\/wp-json\/wp\/v2\/posts"}],"about":[{"href":"https:\/\/serveiseducatius.xtec.cat\/altmaresme\/wp-json\/wp\/v2\/types\/post"}],"author":[{"embeddable":true,"href":"https:\/\/serveiseducatius.xtec.cat\/altmaresme\/wp-json\/wp\/v2\/users\/7"}],"replies":[{"embeddable":true,"href":"https:\/\/serveiseducatius.xtec.cat\/altmaresme\/wp-json\/wp\/v2\/comments?post=11079"}],"version-history":[{"count":1,"href":"https:\/\/serveiseducatius.xtec.cat\/altmaresme\/wp-json\/wp\/v2\/posts\/11079\/revisions"}],"predecessor-version":[{"id":11082,"href":"https:\/\/serveiseducatius.xtec.cat\/altmaresme\/wp-json\/wp\/v2\/posts\/11079\/revisions\/11082"}],"wp:featuredmedia":[{"embeddable":true,"href":"https:\/\/serveiseducatius.xtec.cat\/altmaresme\/wp-json\/wp\/v2\/media\/11080"}],"wp:attachment":[{"href":"https:\/\/serveiseducatius.xtec.cat\/altmaresme\/wp-json\/wp\/v2\/media?parent=11079"}],"wp:term":[{"taxonomy":"category","embeddable":true,"href":"https:\/\/serveiseducatius.xtec.cat\/altmaresme\/wp-json\/wp\/v2\/categories?post=11079"},{"taxonomy":"post_tag","embeddable":true,"href":"https:\/\/serveiseducatius.xtec.cat\/altmaresme\/wp-json\/wp\/v2\/tags?post=11079"}],"curies":[{"name":"wp","href":"https:\/\/api.w.org\/{rel}","templated":true}]}}