{"id":11053,"date":"2018-05-16T14:01:13","date_gmt":"2018-05-16T12:01:13","guid":{"rendered":"http:\/\/serveiseducatius.xtec.cat\/altmaresme\/?p=11053"},"modified":"2018-05-16T14:04:37","modified_gmt":"2018-05-16T12:04:37","slug":"premi-nanoeduca-a-linstitut-domenec-perramon","status":"publish","type":"post","link":"https:\/\/serveiseducatius.xtec.cat\/altmaresme\/general\/premi-nanoeduca-a-linstitut-domenec-perramon\/","title":{"rendered":"Premi nanoeduca a l&#8217;institut Dom\u00e8nec Perramon"},"content":{"rendered":"<p>Alumnes de 1r de batxillerat de l\u2019Institut Dom\u00e8nec Perramon d&#8217;Arenys de Munt han guanyat la secci\u00f3 de v\u00eddeos del concurs NanoEduca\u00a0 amb el v\u00eddeo titulat\u00a0<em><a href=\"https:\/\/vimeo.com\/265271994\">Nanoencapsulaci\u00f3 en les nostres vides<\/a>.<\/em><\/p>\n<p><iframe loading=\"lazy\" src=\"https:\/\/player.vimeo.com\/video\/265271994\" width=\"640\" height=\"360\" frameborder=\"0\" allowfullscreen=\"allowfullscreen\"><\/iframe><br \/>\n&nbsp;<br \/>\nPodeu llegir les not\u00edcies publicades a la web de la <a href=\"http:\/\/www.ub.edu\/web\/ub\/ca\/menu_eines\/noticies\/2018\/05\/023.html#.WvmrnTkP_cU.facebook\">Universitat de Barcelona<\/a>, i a l&#8217; <a href=\"http:\/\/www.arenysdemunt.cat\/document.php?id=14049\">Ajuntament d&#8217;Arenys de Munt<\/a> <\/p>\n<p>Agn\u00e8s Molons, professora de F\u00edsica i Quimica de l\u2019Institut Dom\u00e8nec Perramon ho explica a <a href=\"http:\/\/www.radioarenysmunt.cat\/alumnes-de-linstitut-domenec-perramon-guanyen-el-concurs-nanoeduca\/\">R\u00e0dio Arenys de Munt<\/a>.<\/p>\n","protected":false},"excerpt":{"rendered":"<p>Alumnes de 1r de batxillerat de l\u2019Institut Dom\u00e8nec Perramon d&#8217;Arenys de Munt han guanyat la secci\u00f3 de v\u00eddeos del concurs NanoEduca\u00a0 amb el v\u00eddeo titulat\u00a0<a href=\"https:\/\/vimeo.com\/265271994\">Nanoencapsulaci\u00f3 en les nostres vides<\/a>.<\/p>\n<p>&nbsp;<br \/>\nPodeu llegir les not\u00edcies publicades a la web de la <a href=\"http:\/\/www.ub.edu\/web\/ub\/ca\/menu_eines\/noticies\/2018\/05\/023.html#.WvmrnTkP_cU.facebook\">Universitat de Barcelona<\/a>, i a&hellip;  <a href=\"https:\/\/serveiseducatius.xtec.cat\/altmaresme\/general\/premi-nanoeduca-a-linstitut-domenec-perramon\/\" title=\"Read Premi nanoeduca a l&#8217;institut Dom\u00e8nec Perramon\">Llegeix m\u00e9s\u00bb<\/a><\/p>\n","protected":false},"author":6,"featured_media":11057,"comment_status":"open","ping_status":"closed","sticky":false,"template":"","format":"standard","meta":{"_bbp_topic_count":0,"_bbp_reply_count":0,"_bbp_total_topic_count":0,"_bbp_total_reply_count":0,"_bbp_voice_count":0,"_bbp_anonymous_reply_count":0,"_bbp_topic_count_hidden":0,"_bbp_reply_count_hidden":0,"_bbp_forum_subforum_count":0,"footnotes":""},"categories":[66,1,29],"tags":[],"class_list":["post-11053","post","type-post","status-publish","format-standard","has-post-thumbnail","hentry","category-docencia","category-general","category-portada"],"post_mailing_queue_ids":[],"_links":{"self":[{"href":"https:\/\/serveiseducatius.xtec.cat\/altmaresme\/wp-json\/wp\/v2\/posts\/11053","targetHints":{"allow":["GET"]}}],"collection":[{"href":"https:\/\/serveiseducatius.xtec.cat\/altmaresme\/wp-json\/wp\/v2\/posts"}],"about":[{"href":"https:\/\/serveiseducatius.xtec.cat\/altmaresme\/wp-json\/wp\/v2\/types\/post"}],"author":[{"embeddable":true,"href":"https:\/\/serveiseducatius.xtec.cat\/altmaresme\/wp-json\/wp\/v2\/users\/6"}],"replies":[{"embeddable":true,"href":"https:\/\/serveiseducatius.xtec.cat\/altmaresme\/wp-json\/wp\/v2\/comments?post=11053"}],"version-history":[{"count":3,"href":"https:\/\/serveiseducatius.xtec.cat\/altmaresme\/wp-json\/wp\/v2\/posts\/11053\/revisions"}],"predecessor-version":[{"id":11059,"href":"https:\/\/serveiseducatius.xtec.cat\/altmaresme\/wp-json\/wp\/v2\/posts\/11053\/revisions\/11059"}],"wp:featuredmedia":[{"embeddable":true,"href":"https:\/\/serveiseducatius.xtec.cat\/altmaresme\/wp-json\/wp\/v2\/media\/11057"}],"wp:attachment":[{"href":"https:\/\/serveiseducatius.xtec.cat\/altmaresme\/wp-json\/wp\/v2\/media?parent=11053"}],"wp:term":[{"taxonomy":"category","embeddable":true,"href":"https:\/\/serveiseducatius.xtec.cat\/altmaresme\/wp-json\/wp\/v2\/categories?post=11053"},{"taxonomy":"post_tag","embeddable":true,"href":"https:\/\/serveiseducatius.xtec.cat\/altmaresme\/wp-json\/wp\/v2\/tags?post=11053"}],"curies":[{"name":"wp","href":"https:\/\/api.w.org\/{rel}","templated":true}]}}