{"id":11041,"date":"2018-05-15T09:04:42","date_gmt":"2018-05-15T07:04:42","guid":{"rendered":"http:\/\/serveiseducatius.xtec.cat\/altmaresme\/?p=11041"},"modified":"2018-06-13T20:38:21","modified_gmt":"2018-06-13T18:38:21","slug":"miralletres-2018","status":"publish","type":"post","link":"https:\/\/serveiseducatius.xtec.cat\/altmaresme\/general\/miralletres-2018\/","title":{"rendered":"Miralletres 2018"},"content":{"rendered":"<p><img loading=\"lazy\" decoding=\"async\" class=\"size-medium wp-image-11044 aligncenter\" src=\"http:\/\/serveiseducatius.xtec.cat\/altmaresme\/wp-content\/uploads\/usu1140\/2018\/05\/DSCF7741-1-300x225.jpg\" alt=\"\" width=\"300\" height=\"225\" srcset=\"https:\/\/serveiseducatius.xtec.cat\/altmaresme\/wp-content\/uploads\/usu1140\/2018\/05\/DSCF7741-1-300x225.jpg 300w, https:\/\/serveiseducatius.xtec.cat\/altmaresme\/wp-content\/uploads\/usu1140\/2018\/05\/DSCF7741-1-200x150.jpg 200w, https:\/\/serveiseducatius.xtec.cat\/altmaresme\/wp-content\/uploads\/usu1140\/2018\/05\/DSCF7741-1.jpg 448w\" sizes=\"auto, (max-width: 300px) 100vw, 300px\" \/>En la tercera edici\u00f3 del Miralletres, concurs de lletrejar, hi han participat les escoles i instituts de Pineda de Mar. Aquests s\u00f3n els alumnes que han\u00a0lletrejat m\u00e9s paraules:<\/p>\n<p>3r Prim\u00e0ria: Daniela L\u00f3pez de l&#8217;escola Poblenou,<\/p>\n<p>4t Prim\u00e0ria: Nadia Matas tamb\u00e9 de l&#8217;escola Poblenou,<\/p>\n<p>5\u00e8 Prim\u00e0ria: Jan Sal\u00f3 de l&#8217;escola Aloc,<\/p>\n<p>6\u00e8 Prim\u00e0ria: Joan Zulli del\u00a0 Fedac-Pineda,<\/p>\n<p>Primer cicle ESO: Erik Ruiz de l&#8217;Institut Joan Coromines i<\/p>\n<p>Segon cicle ESO: Marc Puig de l&#8217;Institut Pineda.<\/p>\n<div><\/div>\n<div>Els participants que van lletrejar m\u00e9s paraules van rebre un obsequi d&#8217;un val regal per lllibres.<\/div>\n<div><\/div>\n<div>En la categoria de 5\u00e8 de prim\u00e0ria va haver-hi empat i despr\u00e9s d&#8217;una s\u00e8rie molt llarga de paraules finalment es va desempatar.\u00a0 En Jan Sal\u00f3 de l\u2019escola Aloc,\u00a0per iniciativa pr\u00f2pia,\u00a0 ha volgut compartit el seu premi\u00a0 amb en\u00a0Jalilou Kebbeh de l&#8217;escola Jaume I. Tots dos van lletrejar moltes paraules i d&#8217;aquesta manera cada un d&#8217;ells gaudir\u00e0 de la meitat del val.<\/div>\n<div><a href=\"http:\/\/serveiseducatius.xtec.cat\/altmaresme\/wp-content\/uploads\/usu1140\/2018\/05\/DSCF7791.jpg\"><img loading=\"lazy\" decoding=\"async\" class=\"alignnone wp-image-11092 aligncenter\" src=\"http:\/\/serveiseducatius.xtec.cat\/altmaresme\/wp-content\/uploads\/usu1140\/2018\/05\/DSCF7791-300x225.jpg\" alt=\"\" width=\"205\" height=\"153\" srcset=\"https:\/\/serveiseducatius.xtec.cat\/altmaresme\/wp-content\/uploads\/usu1140\/2018\/05\/DSCF7791-300x225.jpg 300w, https:\/\/serveiseducatius.xtec.cat\/altmaresme\/wp-content\/uploads\/usu1140\/2018\/05\/DSCF7791-768x576.jpg 768w, https:\/\/serveiseducatius.xtec.cat\/altmaresme\/wp-content\/uploads\/usu1140\/2018\/05\/DSCF7791-1024x768.jpg 1024w, https:\/\/serveiseducatius.xtec.cat\/altmaresme\/wp-content\/uploads\/usu1140\/2018\/05\/DSCF7791-200x150.jpg 200w, https:\/\/serveiseducatius.xtec.cat\/altmaresme\/wp-content\/uploads\/usu1140\/2018\/05\/DSCF7791.jpg 2048w\" sizes=\"auto, (max-width: 205px) 100vw, 205px\" \/><\/a><\/div>\n<div><\/div>\n<div><\/div>\n<div><\/div>\n<div><\/div>\n<div>\u00a0Mireu les fotos del <a href=\"https:\/\/photos.app.goo.gl\/FrJhpzDRLmfuqRb58\">Miralletres 2018<\/a><\/div>\n<p>&nbsp;<\/p>\n","protected":false},"excerpt":{"rendered":"<p>Tercera edici\u00f3 del Miralletres, concurs de lletrejar amb la participaci\u00f3 de les escoles i instituts de Pineda de Mar.&hellip;  <a href=\"https:\/\/serveiseducatius.xtec.cat\/altmaresme\/general\/miralletres-2018\/\" title=\"Read Miralletres 2018\">Llegeix m\u00e9s\u00bb<\/a><\/p>\n","protected":false},"author":6,"featured_media":11044,"comment_status":"open","ping_status":"closed","sticky":false,"template":"","format":"standard","meta":{"_bbp_topic_count":0,"_bbp_reply_count":0,"_bbp_total_topic_count":0,"_bbp_total_reply_count":0,"_bbp_voice_count":0,"_bbp_anonymous_reply_count":0,"_bbp_topic_count_hidden":0,"_bbp_reply_count_hidden":0,"_bbp_forum_subforum_count":0,"footnotes":""},"categories":[81,1,29],"tags":[],"class_list":["post-11041","post","type-post","status-publish","format-standard","has-post-thumbnail","hentry","category-biblioteca-escolar","category-general","category-portada"],"post_mailing_queue_ids":[],"_links":{"self":[{"href":"https:\/\/serveiseducatius.xtec.cat\/altmaresme\/wp-json\/wp\/v2\/posts\/11041","targetHints":{"allow":["GET"]}}],"collection":[{"href":"https:\/\/serveiseducatius.xtec.cat\/altmaresme\/wp-json\/wp\/v2\/posts"}],"about":[{"href":"https:\/\/serveiseducatius.xtec.cat\/altmaresme\/wp-json\/wp\/v2\/types\/post"}],"author":[{"embeddable":true,"href":"https:\/\/serveiseducatius.xtec.cat\/altmaresme\/wp-json\/wp\/v2\/users\/6"}],"replies":[{"embeddable":true,"href":"https:\/\/serveiseducatius.xtec.cat\/altmaresme\/wp-json\/wp\/v2\/comments?post=11041"}],"version-history":[{"count":3,"href":"https:\/\/serveiseducatius.xtec.cat\/altmaresme\/wp-json\/wp\/v2\/posts\/11041\/revisions"}],"predecessor-version":[{"id":11121,"href":"https:\/\/serveiseducatius.xtec.cat\/altmaresme\/wp-json\/wp\/v2\/posts\/11041\/revisions\/11121"}],"wp:featuredmedia":[{"embeddable":true,"href":"https:\/\/serveiseducatius.xtec.cat\/altmaresme\/wp-json\/wp\/v2\/media\/11044"}],"wp:attachment":[{"href":"https:\/\/serveiseducatius.xtec.cat\/altmaresme\/wp-json\/wp\/v2\/media?parent=11041"}],"wp:term":[{"taxonomy":"category","embeddable":true,"href":"https:\/\/serveiseducatius.xtec.cat\/altmaresme\/wp-json\/wp\/v2\/categories?post=11041"},{"taxonomy":"post_tag","embeddable":true,"href":"https:\/\/serveiseducatius.xtec.cat\/altmaresme\/wp-json\/wp\/v2\/tags?post=11041"}],"curies":[{"name":"wp","href":"https:\/\/api.w.org\/{rel}","templated":true}]}}