{"id":11004,"date":"2018-05-11T12:28:57","date_gmt":"2018-05-11T10:28:57","guid":{"rendered":"http:\/\/serveiseducatius.xtec.cat\/altmaresme\/?p=11004"},"modified":"2018-05-11T12:28:57","modified_gmt":"2018-05-11T10:28:57","slug":"decaleg-descriptura-araescric","status":"publish","type":"post","link":"https:\/\/serveiseducatius.xtec.cat\/altmaresme\/portada\/decaleg-descriptura-araescric\/","title":{"rendered":"Dec\u00e0leg d&#8217;Escriptura araESCRIC"},"content":{"rendered":"<p>El dec\u00e0leg d\u2019escriptura s\u2019adre\u00e7a, alhora, a docents \u00a0i centres, amb la voluntat de divulgar, remarcar o fixar deu aspectes clau de la did\u00e0ctica de l\u2019escriptura. S\u2019ha editat un \u00fanic dec\u00e0leg per al segon cicle d\u2019educaci\u00f3 infantil, l\u2019educaci\u00f3 prim\u00e0ria i l\u2019educaci\u00f3 secund\u00e0ria obligat\u00f2ria. Acompanyen el dec\u00e0leg unes orientacions en les quals el professorat pot trobar concrecions per a cadascuna de les sent\u00e8ncies, tenint en compte la idiosincr\u00e0sia de l\u2019ensenyament i aprenentatge de l\u2019escriptura tant al segon cicle d\u2019educaci\u00f3 infantil i cicle inicial de prim\u00e0ria, al cicl<a href=\"http:\/\/xtec.gencat.cat\/ca\/projectes\/escriptura\/ara-escric\/eines-per-al-professorat\/decaleg-descriptura\/ \"><img loading=\"lazy\" decoding=\"async\" class=\"alignleft wp-image-11005 size-thumbnail\" src=\"http:\/\/serveiseducatius.xtec.cat\/altmaresme\/wp-content\/uploads\/usu1140\/2018\/05\/Sense-t\u00edtol-150x150.png\" alt=\"\" width=\"150\" height=\"150\" \/><\/a>e mitj\u00e0 i superior de prim\u00e0ria com a l\u2019educaci\u00f3 secund\u00e0ria obligat\u00f2ria. En aquestes orientacions tamb\u00e9 es proposa un seguit d\u2019activitats perqu\u00e8 l\u2019equip docent de cada centre pugui apropiar-se el contingut del dec\u00e0leg d\u2019una forma col\u00b7laborativa.<\/p>\n<p>&nbsp;<\/p>\n<p>&nbsp;<\/p>\n","protected":false},"excerpt":{"rendered":"<p>El dec\u00e0leg d\u2019escriptura s\u2019adre\u00e7a, alhora, a docents \u00a0i centres, amb la voluntat de divulgar, remarcar o fixar deu aspectes clau de la did\u00e0ctica de l\u2019escriptura. S\u2019ha editat un \u00fanic dec\u00e0leg per al segon cicle d\u2019educaci\u00f3 infantil, l\u2019educaci\u00f3 prim\u00e0ria i l\u2019educaci\u00f3 secund\u00e0ria obligat\u00f2ria. Acompanyen el dec\u00e0leg&hellip;  <a href=\"https:\/\/serveiseducatius.xtec.cat\/altmaresme\/portada\/decaleg-descriptura-araescric\/\" title=\"Read Dec\u00e0leg d&#8217;Escriptura araESCRIC\">Llegeix m\u00e9s\u00bb<\/a><\/p>\n","protected":false},"author":7,"featured_media":11005,"comment_status":"open","ping_status":"closed","sticky":false,"template":"","format":"standard","meta":{"_bbp_topic_count":0,"_bbp_reply_count":0,"_bbp_total_topic_count":0,"_bbp_total_reply_count":0,"_bbp_voice_count":0,"_bbp_anonymous_reply_count":0,"_bbp_topic_count_hidden":0,"_bbp_reply_count_hidden":0,"_bbp_forum_subforum_count":0,"footnotes":""},"categories":[29],"tags":[],"class_list":["post-11004","post","type-post","status-publish","format-standard","has-post-thumbnail","hentry","category-portada"],"post_mailing_queue_ids":[],"_links":{"self":[{"href":"https:\/\/serveiseducatius.xtec.cat\/altmaresme\/wp-json\/wp\/v2\/posts\/11004","targetHints":{"allow":["GET"]}}],"collection":[{"href":"https:\/\/serveiseducatius.xtec.cat\/altmaresme\/wp-json\/wp\/v2\/posts"}],"about":[{"href":"https:\/\/serveiseducatius.xtec.cat\/altmaresme\/wp-json\/wp\/v2\/types\/post"}],"author":[{"embeddable":true,"href":"https:\/\/serveiseducatius.xtec.cat\/altmaresme\/wp-json\/wp\/v2\/users\/7"}],"replies":[{"embeddable":true,"href":"https:\/\/serveiseducatius.xtec.cat\/altmaresme\/wp-json\/wp\/v2\/comments?post=11004"}],"version-history":[{"count":1,"href":"https:\/\/serveiseducatius.xtec.cat\/altmaresme\/wp-json\/wp\/v2\/posts\/11004\/revisions"}],"predecessor-version":[{"id":11006,"href":"https:\/\/serveiseducatius.xtec.cat\/altmaresme\/wp-json\/wp\/v2\/posts\/11004\/revisions\/11006"}],"wp:featuredmedia":[{"embeddable":true,"href":"https:\/\/serveiseducatius.xtec.cat\/altmaresme\/wp-json\/wp\/v2\/media\/11005"}],"wp:attachment":[{"href":"https:\/\/serveiseducatius.xtec.cat\/altmaresme\/wp-json\/wp\/v2\/media?parent=11004"}],"wp:term":[{"taxonomy":"category","embeddable":true,"href":"https:\/\/serveiseducatius.xtec.cat\/altmaresme\/wp-json\/wp\/v2\/categories?post=11004"},{"taxonomy":"post_tag","embeddable":true,"href":"https:\/\/serveiseducatius.xtec.cat\/altmaresme\/wp-json\/wp\/v2\/tags?post=11004"}],"curies":[{"name":"wp","href":"https:\/\/api.w.org\/{rel}","templated":true}]}}