{"id":10969,"date":"2018-04-23T11:44:23","date_gmt":"2018-04-23T09:44:23","guid":{"rendered":"http:\/\/serveiseducatius.xtec.cat\/altmaresme\/?p=10969"},"modified":"2018-04-23T11:44:23","modified_gmt":"2018-04-23T09:44:23","slug":"11e-concurs-the-fonix-concurs-dangles-interescolar-de-catalunya","status":"publish","type":"post","link":"https:\/\/serveiseducatius.xtec.cat\/altmaresme\/portada\/11e-concurs-the-fonix-concurs-dangles-interescolar-de-catalunya\/","title":{"rendered":"11\u00e8 Concurs The Fonix Concurs d&#8217;Angl\u00e8s Interescolar de Catalunya"},"content":{"rendered":"<p><a href=\"http:\/\/www.the-fonix.org\/\" target=\"_blank\" rel=\"noopener noreferrer\"><strong>THE FONIX<\/strong><\/a>, \u00e9s un concurs escolar d\u2019<strong>angl\u00e8s<\/strong> dissenyat per afavorir l\u2019aprenentatge de la llengua anglesa dels alumnes de prim\u00e0ria, secund\u00e0ria i batxillerat i dels alumnes dels centres d\u2019educaci\u00f3 d\u2019adults. La participaci\u00f3 en el concurs es fa exclusivament a trav\u00e9s del centre on l\u2019alumne est\u00e0 matriculat.<\/p>\n<p><strong>Entre el 23 d&#8217;abril i el 4 de maig <\/strong> <i class=\"fa fa-calendar yellow\"><\/i><br \/>\nVisualitzaci\u00f3 dels v\u00eddeos i votacions (YouTube)<\/p>\n<p>Compartim l&#8217;enlla\u00e7 als v\u00eddeos dels centres de l&#8217;Alt Maresme:<\/p>\n<p><strong>5\u00e8 i 6\u00e8 prim\u00e0ria<\/strong><\/p>\n<p><a href=\"https:\/\/www.youtube.com\/watch?v=LTbF9iMU870&amp;list=PL2w-W8Ny5yOq1VQMrFaQd37ICtqoFgo7A&amp;index=80\" target=\"_blank\" rel=\"noopener noreferrer\">Escola Freta<\/a>, Calella<\/p>\n<p><strong>1r i 2n ESO<\/strong><\/p>\n<p><a href=\"https:\/\/www.youtube.com\/watch?v=nIbRBtedZI8&amp;list=PL2w-W8Ny5yOqSw9pfm0bNBUVXEQU2wLDp&amp;t=0s&amp;index=16\" target=\"_blank\" rel=\"noopener noreferrer\">Institut Dom\u00e8nec Perram\u00f3n<\/a>, Arenys de Munt<\/p>\n<p><a href=\"https:\/\/www.youtube.com\/watch?v=mJtbjpUDrQg&amp;list=PL2w-W8Ny5yOqSw9pfm0bNBUVXEQU2wLDp&amp;t=0s&amp;index=29\" target=\"_blank\" rel=\"noopener noreferrer\">Institut Llu\u00eds Dom\u00e8nech Montaner<\/a>, Canet de Mar<\/p>\n<p><a href=\"https:\/\/www.youtube.com\/watch?v=NGqMpBJvkaQ&amp;list=PL2w-W8Ny5yOqSw9pfm0bNBUVXEQU2wLDp&amp;t=0s&amp;index=79\" target=\"_blank\" rel=\"noopener noreferrer\">Escola Freta<\/a>, Calella<\/p>\n<p><a href=\"https:\/\/www.youtube.com\/watch?v=Fj5YGRp_uN4&amp;list=PL2w-W8Ny5yOqSw9pfm0bNBUVXEQU2wLDp&amp;t=0s&amp;index=84\" target=\"_blank\" rel=\"noopener noreferrer\">Institut Font del Ferro<\/a>, Palafolls<\/p>\n<p><strong>3r i 4t ESO<\/strong><\/p>\n<p><a href=\"https:\/\/www.youtube.com\/watch?v=28Ck3N9EVYA&amp;t=0s&amp;list=PL2w-W8Ny5yOr2OwSQIDcGFyNGS5QimaAu&amp;index=24\" target=\"_blank\" rel=\"noopener noreferrer\">Institut Lluis Dom\u00e8nech i Montaner,<\/a> Canet de Mar<\/p>\n<p><a href=\"https:\/\/www.youtube.com\/watch?v=CAeZWRdPdYQ&amp;t=0s&amp;list=PL2w-W8Ny5yOr2OwSQIDcGFyNGS5QimaAu&amp;index=62\" target=\"_blank\" rel=\"noopener noreferrer\">Escola Freta<\/a>, Calella<\/p>\n<p><strong>1r i 2n BATX<\/strong><\/p>\n<p><a href=\"https:\/\/www.youtube.com\/watch?v=L5XYARyjRPM&amp;list=PL2w-W8Ny5yOrrjr7tSgDoXhVsbEvMdQ4w&amp;t=0s&amp;index=6\" target=\"_blank\" rel=\"noopener noreferrer\">Institut Dom\u00e8nec Montaner,<\/a> Arenys de Munt<\/p>\n<p><a href=\"https:\/\/www.youtube.com\/watch?v=Ii1HVbLxh2w&amp;list=PL2w-W8Ny5yOrrjr7tSgDoXhVsbEvMdQ4w&amp;t=0s&amp;index=30\" target=\"_blank\" rel=\"noopener noreferrer\">Escola Freta<\/a>, Calella<\/p>\n<p><a href=\"https:\/\/www.youtube.com\/watch?v=qqdzRPG2Y1A&amp;list=PL2w-W8Ny5yOrrjr7tSgDoXhVsbEvMdQ4w&amp;t=0s&amp;index=32\" target=\"_blank\" rel=\"noopener noreferrer\">Institut Font del Ferro<\/a>, Palafolls<\/p>\n","protected":false},"excerpt":{"rendered":"<p><a href=\"http:\/\/www.the-fonix.org\/\" target=\"_blank\" rel=\"noopener noreferrer\">THE FONIX<\/a>, \u00e9s un concurs escolar d\u2019angl\u00e8s dissenyat per afavorir l\u2019aprenentatge de la llengua anglesa dels alumnes de prim\u00e0ria, secund\u00e0ria i batxillerat i dels alumnes dels centres d\u2019educaci\u00f3 d\u2019adults. La participaci\u00f3 en el concurs es fa exclusivament a trav\u00e9s del centre&hellip;  <a href=\"https:\/\/serveiseducatius.xtec.cat\/altmaresme\/portada\/11e-concurs-the-fonix-concurs-dangles-interescolar-de-catalunya\/\" title=\"Read 11\u00e8 Concurs The Fonix Concurs d&#8217;Angl\u00e8s Interescolar de Catalunya\">Llegeix m\u00e9s\u00bb<\/a><\/p>\n","protected":false},"author":7,"featured_media":10970,"comment_status":"open","ping_status":"closed","sticky":false,"template":"","format":"standard","meta":{"_bbp_topic_count":0,"_bbp_reply_count":0,"_bbp_total_topic_count":0,"_bbp_total_reply_count":0,"_bbp_voice_count":0,"_bbp_anonymous_reply_count":0,"_bbp_topic_count_hidden":0,"_bbp_reply_count_hidden":0,"_bbp_forum_subforum_count":0,"footnotes":""},"categories":[29],"tags":[],"class_list":["post-10969","post","type-post","status-publish","format-standard","has-post-thumbnail","hentry","category-portada"],"post_mailing_queue_ids":[],"_links":{"self":[{"href":"https:\/\/serveiseducatius.xtec.cat\/altmaresme\/wp-json\/wp\/v2\/posts\/10969","targetHints":{"allow":["GET"]}}],"collection":[{"href":"https:\/\/serveiseducatius.xtec.cat\/altmaresme\/wp-json\/wp\/v2\/posts"}],"about":[{"href":"https:\/\/serveiseducatius.xtec.cat\/altmaresme\/wp-json\/wp\/v2\/types\/post"}],"author":[{"embeddable":true,"href":"https:\/\/serveiseducatius.xtec.cat\/altmaresme\/wp-json\/wp\/v2\/users\/7"}],"replies":[{"embeddable":true,"href":"https:\/\/serveiseducatius.xtec.cat\/altmaresme\/wp-json\/wp\/v2\/comments?post=10969"}],"version-history":[{"count":1,"href":"https:\/\/serveiseducatius.xtec.cat\/altmaresme\/wp-json\/wp\/v2\/posts\/10969\/revisions"}],"predecessor-version":[{"id":10971,"href":"https:\/\/serveiseducatius.xtec.cat\/altmaresme\/wp-json\/wp\/v2\/posts\/10969\/revisions\/10971"}],"wp:featuredmedia":[{"embeddable":true,"href":"https:\/\/serveiseducatius.xtec.cat\/altmaresme\/wp-json\/wp\/v2\/media\/10970"}],"wp:attachment":[{"href":"https:\/\/serveiseducatius.xtec.cat\/altmaresme\/wp-json\/wp\/v2\/media?parent=10969"}],"wp:term":[{"taxonomy":"category","embeddable":true,"href":"https:\/\/serveiseducatius.xtec.cat\/altmaresme\/wp-json\/wp\/v2\/categories?post=10969"},{"taxonomy":"post_tag","embeddable":true,"href":"https:\/\/serveiseducatius.xtec.cat\/altmaresme\/wp-json\/wp\/v2\/tags?post=10969"}],"curies":[{"name":"wp","href":"https:\/\/api.w.org\/{rel}","templated":true}]}}