{"id":10919,"date":"2018-04-13T13:43:39","date_gmt":"2018-04-13T11:43:39","guid":{"rendered":"http:\/\/serveiseducatius.xtec.cat\/altmaresme\/?p=10919"},"modified":"2021-01-10T23:51:35","modified_gmt":"2021-01-10T22:51:35","slug":"x-jornada-programacio-i-robotica-educatives","status":"publish","type":"post","link":"https:\/\/serveiseducatius.xtec.cat\/altmaresme\/portada\/x-jornada-programacio-i-robotica-educatives\/","title":{"rendered":"X Jornada Programaci\u00f3 i rob\u00f2tica educatives"},"content":{"rendered":"<div class=\"gmail_default\">Aquesta ser\u00e0 la desena edici\u00f3 de la Jornada de Programaci\u00f3 i Rob\u00f2tica Educatives. Aquesta ser\u00e0 una edici\u00f3 especial.<\/div>\n<div class=\"gmail_default\"><\/div>\n<div class=\"gmail_default\">Tindr\u00e0 lloc el dissabte 26 de maig de 9 del mat\u00ed a 18 de la tarda, amb un programa molt complet i atractiu.<\/div>\n<div class=\"gmail_default\"><\/div>\n<div class=\"gmail_default\">Pots veure el programa i fer la inscripci\u00f3 a:\u00a0<a href=\"http:\/\/blocs.xtec.cat\/jornadaprograma\/inscripcio\/\" target=\"_blank\" rel=\"noopener noreferrer\" data-saferedirecturl=\"https:\/\/www.google.com\/url?hl=ca&amp;q=http:\/\/blocs.xtec.cat\/jornadaprograma\/inscripcio\/&amp;source=gmail&amp;ust=1523705940137000&amp;usg=AFQjCNEOvP636jLqUG90hYclXyN2T6ZF8Q\">http:\/\/blocs.xtec.cat\/jornadap<wbr \/>rograma\/inscripcio\/<\/a><\/div>\n","protected":false},"excerpt":{"rendered":"<p>Aquesta ser\u00e0 la desena edici\u00f3 de la Jornada de Programaci\u00f3 i Rob\u00f2tica Educatives. Aquesta ser\u00e0 una edici\u00f3 especial.<\/p>\n<p>Tindr\u00e0 lloc el dissabte 26 de maig de 9 del mat\u00ed a 18 de la tarda, amb un programa molt complet i atractiu.<\/p>\n<p>Pots veure el programa i fer&hellip;  <a href=\"https:\/\/serveiseducatius.xtec.cat\/altmaresme\/portada\/x-jornada-programacio-i-robotica-educatives\/\" title=\"Read X Jornada Programaci\u00f3 i rob\u00f2tica educatives\">Llegeix m\u00e9s\u00bb<\/a><\/p>\n","protected":false},"author":7,"featured_media":10920,"comment_status":"open","ping_status":"closed","sticky":false,"template":"","format":"standard","meta":{"_bbp_topic_count":0,"_bbp_reply_count":0,"_bbp_total_topic_count":0,"_bbp_total_reply_count":0,"_bbp_voice_count":0,"_bbp_anonymous_reply_count":0,"_bbp_topic_count_hidden":0,"_bbp_reply_count_hidden":0,"_bbp_forum_subforum_count":0,"footnotes":""},"categories":[500,29],"tags":[],"class_list":["post-10919","post","type-post","status-publish","format-standard","has-post-thumbnail","hentry","category-culturadigital","category-portada"],"post_mailing_queue_ids":[],"_links":{"self":[{"href":"https:\/\/serveiseducatius.xtec.cat\/altmaresme\/wp-json\/wp\/v2\/posts\/10919","targetHints":{"allow":["GET"]}}],"collection":[{"href":"https:\/\/serveiseducatius.xtec.cat\/altmaresme\/wp-json\/wp\/v2\/posts"}],"about":[{"href":"https:\/\/serveiseducatius.xtec.cat\/altmaresme\/wp-json\/wp\/v2\/types\/post"}],"author":[{"embeddable":true,"href":"https:\/\/serveiseducatius.xtec.cat\/altmaresme\/wp-json\/wp\/v2\/users\/7"}],"replies":[{"embeddable":true,"href":"https:\/\/serveiseducatius.xtec.cat\/altmaresme\/wp-json\/wp\/v2\/comments?post=10919"}],"version-history":[{"count":1,"href":"https:\/\/serveiseducatius.xtec.cat\/altmaresme\/wp-json\/wp\/v2\/posts\/10919\/revisions"}],"predecessor-version":[{"id":10921,"href":"https:\/\/serveiseducatius.xtec.cat\/altmaresme\/wp-json\/wp\/v2\/posts\/10919\/revisions\/10921"}],"wp:featuredmedia":[{"embeddable":true,"href":"https:\/\/serveiseducatius.xtec.cat\/altmaresme\/wp-json\/wp\/v2\/media\/10920"}],"wp:attachment":[{"href":"https:\/\/serveiseducatius.xtec.cat\/altmaresme\/wp-json\/wp\/v2\/media?parent=10919"}],"wp:term":[{"taxonomy":"category","embeddable":true,"href":"https:\/\/serveiseducatius.xtec.cat\/altmaresme\/wp-json\/wp\/v2\/categories?post=10919"},{"taxonomy":"post_tag","embeddable":true,"href":"https:\/\/serveiseducatius.xtec.cat\/altmaresme\/wp-json\/wp\/v2\/tags?post=10919"}],"curies":[{"name":"wp","href":"https:\/\/api.w.org\/{rel}","templated":true}]}}