{"id":10886,"date":"2018-03-21T12:53:47","date_gmt":"2018-03-21T11:53:47","guid":{"rendered":"http:\/\/serveiseducatius.xtec.cat\/altmaresme\/?p=10886"},"modified":"2018-04-11T17:41:20","modified_gmt":"2018-04-11T15:41:20","slug":"exit-de-participacio-a-la-magia-de-llegir-i-escriure","status":"publish","type":"post","link":"https:\/\/serveiseducatius.xtec.cat\/altmaresme\/portada\/exit-de-participacio-a-la-magia-de-llegir-i-escriure\/","title":{"rendered":"\u00c8xit de participaci\u00f3 a La m\u00e0gia de llegir i escriure"},"content":{"rendered":"<p>El passat dissabte 17 de mar\u00e7 de 2018, es va realitzar la 5a Jornada d&#8217;intercanvi d&#8217;experi\u00e8ncies sota el t\u00edtol <strong>La m\u00e0gia de llegir i escriure <\/strong>adre\u00e7ada a professorat d&#8217;infantil i prim\u00e0ria. Es va realitzar a la <strong>biblioteca de Santa Susanna<\/strong> i hi van assistir un centenar de mestres.<\/p>\n<p>Va ser una <strong>trobada pedag\u00f2gica<\/strong> per tal de posar en contacte diferents escoles i professionals que treballen amb aquest projecte de <strong>lectoescriptura<\/strong>, amb l&#8217;objectiu de compartir, analitzar i gaudir-ne.<\/p>\n<p>Compartim algunes imatges:<\/p>\n<p><a href=\"http:\/\/serveiseducatius.xtec.cat\/altmaresme\/wp-content\/uploads\/usu1140\/2018\/03\/4A0AC1A2-2247-4C27-A061-0C19297308B2.jpeg\"><img loading=\"lazy\" decoding=\"async\" class=\"alignnone size-thumbnail wp-image-10887\" src=\"http:\/\/serveiseducatius.xtec.cat\/altmaresme\/wp-content\/uploads\/usu1140\/2018\/03\/4A0AC1A2-2247-4C27-A061-0C19297308B2-150x150.jpeg\" alt=\"\" width=\"150\" height=\"150\" \/><\/a> <a href=\"http:\/\/serveiseducatius.xtec.cat\/altmaresme\/wp-content\/uploads\/usu1140\/2018\/03\/66DB8FE8-19F6-477E-A24C-9DE9771A7E33.jpeg\"><img loading=\"lazy\" decoding=\"async\" class=\"alignnone size-thumbnail wp-image-10888\" src=\"http:\/\/serveiseducatius.xtec.cat\/altmaresme\/wp-content\/uploads\/usu1140\/2018\/03\/66DB8FE8-19F6-477E-A24C-9DE9771A7E33-150x150.jpeg\" alt=\"\" width=\"150\" height=\"150\" \/><\/a> <a href=\"http:\/\/serveiseducatius.xtec.cat\/altmaresme\/wp-content\/uploads\/usu1140\/2018\/03\/713A6A3A-3B26-45B4-A8DC-61E18F9BE146.jpeg\"><img loading=\"lazy\" decoding=\"async\" class=\"alignnone size-thumbnail wp-image-10889\" src=\"http:\/\/serveiseducatius.xtec.cat\/altmaresme\/wp-content\/uploads\/usu1140\/2018\/03\/713A6A3A-3B26-45B4-A8DC-61E18F9BE146-150x150.jpeg\" alt=\"\" width=\"150\" height=\"150\" \/><\/a><\/p>\n<p>&nbsp;<\/p>\n","protected":false},"excerpt":{"rendered":"<p>El passat dissabte 17 de mar\u00e7 de 2018, es va realitzar la 5a Jornada d&#8217;intercanvi d&#8217;experi\u00e8ncies sota el t\u00edtol La m\u00e0gia de llegir i escriure adre\u00e7ada a professorat d&#8217;infantil i prim\u00e0ria. Es va realitzar a la biblioteca de Santa Susanna i hi van assistir un&hellip;  <a href=\"https:\/\/serveiseducatius.xtec.cat\/altmaresme\/portada\/exit-de-participacio-a-la-magia-de-llegir-i-escriure\/\" title=\"Read \u00c8xit de participaci\u00f3 a La m\u00e0gia de llegir i escriure\">Llegeix m\u00e9s\u00bb<\/a><\/p>\n","protected":false},"author":7,"featured_media":10889,"comment_status":"open","ping_status":"closed","sticky":false,"template":"","format":"standard","meta":{"_bbp_topic_count":0,"_bbp_reply_count":0,"_bbp_total_topic_count":0,"_bbp_total_reply_count":0,"_bbp_voice_count":0,"_bbp_anonymous_reply_count":0,"_bbp_topic_count_hidden":0,"_bbp_reply_count_hidden":0,"_bbp_forum_subforum_count":0,"footnotes":""},"categories":[81,29],"tags":[],"class_list":["post-10886","post","type-post","status-publish","format-standard","has-post-thumbnail","hentry","category-biblioteca-escolar","category-portada"],"post_mailing_queue_ids":[],"_links":{"self":[{"href":"https:\/\/serveiseducatius.xtec.cat\/altmaresme\/wp-json\/wp\/v2\/posts\/10886","targetHints":{"allow":["GET"]}}],"collection":[{"href":"https:\/\/serveiseducatius.xtec.cat\/altmaresme\/wp-json\/wp\/v2\/posts"}],"about":[{"href":"https:\/\/serveiseducatius.xtec.cat\/altmaresme\/wp-json\/wp\/v2\/types\/post"}],"author":[{"embeddable":true,"href":"https:\/\/serveiseducatius.xtec.cat\/altmaresme\/wp-json\/wp\/v2\/users\/7"}],"replies":[{"embeddable":true,"href":"https:\/\/serveiseducatius.xtec.cat\/altmaresme\/wp-json\/wp\/v2\/comments?post=10886"}],"version-history":[{"count":1,"href":"https:\/\/serveiseducatius.xtec.cat\/altmaresme\/wp-json\/wp\/v2\/posts\/10886\/revisions"}],"predecessor-version":[{"id":10890,"href":"https:\/\/serveiseducatius.xtec.cat\/altmaresme\/wp-json\/wp\/v2\/posts\/10886\/revisions\/10890"}],"wp:featuredmedia":[{"embeddable":true,"href":"https:\/\/serveiseducatius.xtec.cat\/altmaresme\/wp-json\/wp\/v2\/media\/10889"}],"wp:attachment":[{"href":"https:\/\/serveiseducatius.xtec.cat\/altmaresme\/wp-json\/wp\/v2\/media?parent=10886"}],"wp:term":[{"taxonomy":"category","embeddable":true,"href":"https:\/\/serveiseducatius.xtec.cat\/altmaresme\/wp-json\/wp\/v2\/categories?post=10886"},{"taxonomy":"post_tag","embeddable":true,"href":"https:\/\/serveiseducatius.xtec.cat\/altmaresme\/wp-json\/wp\/v2\/tags?post=10886"}],"curies":[{"name":"wp","href":"https:\/\/api.w.org\/{rel}","templated":true}]}}