{"id":10870,"date":"2018-03-15T11:38:24","date_gmt":"2018-03-15T10:38:24","guid":{"rendered":"http:\/\/serveiseducatius.xtec.cat\/altmaresme\/?p=10870"},"modified":"2018-03-15T11:38:24","modified_gmt":"2018-03-15T10:38:24","slug":"premi-participa-a-lescola-2018","status":"publish","type":"post","link":"https:\/\/serveiseducatius.xtec.cat\/altmaresme\/portada\/premi-participa-a-lescola-2018\/","title":{"rendered":"Premi Participa a l&#8217;Escola 2018"},"content":{"rendered":"<p><span class=\"st\">\u00a0Ja est\u00e0 oberta la convocat\u00f2ria del <strong>Premi Participa a l\u2019Escola 2018.<\/strong><\/span><\/p>\n<p><img decoding=\"async\" class=\"alignnone size-full wp-image-12284\" src=\"https:\/\/crpvalltenes.files.wordpress.com\/2018\/03\/banner-blanc-gran.jpg?w=584\" sizes=\"(max-width: 584px) 100vw, 584px\" srcset=\"https:\/\/crpvalltenes.files.wordpress.com\/2018\/03\/banner-blanc-gran.jpg?w=584 584w, https:\/\/crpvalltenes.files.wordpress.com\/2018\/03\/banner-blanc-gran.jpg?w=150 150w, https:\/\/crpvalltenes.files.wordpress.com\/2018\/03\/banner-blanc-gran.jpg?w=300 300w, https:\/\/crpvalltenes.files.wordpress.com\/2018\/03\/banner-blanc-gran.jpg 669w\" alt=\"banner-blanc-gran\" data-attachment-id=\"12284\" data-permalink=\"https:\/\/crpvalltenes.wordpress.com\/2018\/03\/15\/premi-participa-a-lescola-2018\/banner-blanc-gran\/\" data-orig-file=\"https:\/\/crpvalltenes.files.wordpress.com\/2018\/03\/banner-blanc-gran.jpg?w=584\" data-orig-size=\"669,208\" data-comments-opened=\"1\" data-image-meta=\"{&quot;aperture&quot;:&quot;0&quot;,&quot;credit&quot;:&quot;&quot;,&quot;camera&quot;:&quot;&quot;,&quot;caption&quot;:&quot;&quot;,&quot;created_timestamp&quot;:&quot;0&quot;,&quot;copyright&quot;:&quot;&quot;,&quot;focal_length&quot;:&quot;0&quot;,&quot;iso&quot;:&quot;0&quot;,&quot;shutter_speed&quot;:&quot;0&quot;,&quot;title&quot;:&quot;&quot;,&quot;orientation&quot;:&quot;0&quot;}\" data-image-title=\"banner-blanc-gran\" data-image-description=\"\" data-medium-file=\"https:\/\/crpvalltenes.files.wordpress.com\/2018\/03\/banner-blanc-gran.jpg?w=584?w=300\" data-large-file=\"https:\/\/crpvalltenes.files.wordpress.com\/2018\/03\/banner-blanc-gran.jpg?w=584?w=584\" \/><\/p>\n<p><strong>Teniu un projecte per millorar la vida democr\u00e0tica de l\u2019escola?<\/strong><\/p>\n<p>Aquest premi us interessa. Destinataris: escoles o instituts que han dut a terme, durant el curs, experi\u00e8ncies de participaci\u00f3 en qu\u00e8 l\u2019alumnat s\u2019hagi involucrat en la vida del centre<\/p>\n<p><strong>Qu\u00e8 entenem per un projecte participatiu? Un projecte que:<\/strong><\/p>\n<p>-Sorgeixi a iniciativa de l\u2019alumnat o respecti les seves formes d\u2019organitzar-se.<br \/>\n-Inclogui col\u00b7lectius diferents, dintre i fora de l\u2019escola<br \/>\n-Marqui un abans i un despr\u00e9s en la vida democr\u00e0tica de l\u2019escola<br \/>\n-Faci participar a col\u00b7lectius que no acostumen a participar<br \/>\n-Fomenti que cadasc\u00fa faci a la mida de les seves possibilitats<br \/>\n-Permeti valorar despr\u00e9s si ha funcionat o no<\/p>\n<p>Presenteu la vostra\u00a0<a href=\"http:\/\/web.gencat.cat\/ca\/tramits\/tramits-temes\/Premi-Participa-a-lEscola?category=724be274-a82c-11e3-a972-000c29052e2c\">sol\u00b7licitud<\/a> del <strong>2 de mar\u00e7 al 31 de juliol.<\/strong><\/p>\n<p>Per a m\u00e9s informaci\u00f3 cliqueu\u00a0 <a href=\"http:\/\/governobert.gencat.cat\/ca\/participacio-ciutadana\/societat-civil\/premi\/\">l\u2019enlla\u00e7.<\/a><\/p>\n<p>&nbsp;<\/p>\n<p><a href=\"https:\/\/crpvalltenes.wordpress.com\/2018\/03\/15\/premi-participa-a-lescola-2018\/\">Font d&#8217;informaci\u00f3<\/a><\/p>\n","protected":false},"excerpt":{"rendered":"<p>\u00a0Ja est\u00e0 oberta la convocat\u00f2ria del Premi Participa a l\u2019Escola 2018.<\/p>\n<p>Teniu un projecte per millorar la vida democr\u00e0tica de l\u2019escola?<br \/>\nAquest premi us interessa. Destinataris: escoles o instituts que han dut a terme, durant el curs, experi\u00e8ncies de participaci\u00f3 en qu\u00e8 l\u2019alumnat s\u2019hagi involucrat en la&hellip;  <a href=\"https:\/\/serveiseducatius.xtec.cat\/altmaresme\/portada\/premi-participa-a-lescola-2018\/\" title=\"Read Premi Participa a l&#8217;Escola 2018\">Llegeix m\u00e9s\u00bb<\/a><\/p>\n","protected":false},"author":7,"featured_media":10871,"comment_status":"open","ping_status":"closed","sticky":false,"template":"","format":"standard","meta":{"_bbp_topic_count":0,"_bbp_reply_count":0,"_bbp_total_topic_count":0,"_bbp_total_reply_count":0,"_bbp_voice_count":0,"_bbp_anonymous_reply_count":0,"_bbp_topic_count_hidden":0,"_bbp_reply_count_hidden":0,"_bbp_forum_subforum_count":0,"footnotes":""},"categories":[29],"tags":[],"class_list":["post-10870","post","type-post","status-publish","format-standard","has-post-thumbnail","hentry","category-portada"],"post_mailing_queue_ids":[],"_links":{"self":[{"href":"https:\/\/serveiseducatius.xtec.cat\/altmaresme\/wp-json\/wp\/v2\/posts\/10870","targetHints":{"allow":["GET"]}}],"collection":[{"href":"https:\/\/serveiseducatius.xtec.cat\/altmaresme\/wp-json\/wp\/v2\/posts"}],"about":[{"href":"https:\/\/serveiseducatius.xtec.cat\/altmaresme\/wp-json\/wp\/v2\/types\/post"}],"author":[{"embeddable":true,"href":"https:\/\/serveiseducatius.xtec.cat\/altmaresme\/wp-json\/wp\/v2\/users\/7"}],"replies":[{"embeddable":true,"href":"https:\/\/serveiseducatius.xtec.cat\/altmaresme\/wp-json\/wp\/v2\/comments?post=10870"}],"version-history":[{"count":1,"href":"https:\/\/serveiseducatius.xtec.cat\/altmaresme\/wp-json\/wp\/v2\/posts\/10870\/revisions"}],"predecessor-version":[{"id":10872,"href":"https:\/\/serveiseducatius.xtec.cat\/altmaresme\/wp-json\/wp\/v2\/posts\/10870\/revisions\/10872"}],"wp:featuredmedia":[{"embeddable":true,"href":"https:\/\/serveiseducatius.xtec.cat\/altmaresme\/wp-json\/wp\/v2\/media\/10871"}],"wp:attachment":[{"href":"https:\/\/serveiseducatius.xtec.cat\/altmaresme\/wp-json\/wp\/v2\/media?parent=10870"}],"wp:term":[{"taxonomy":"category","embeddable":true,"href":"https:\/\/serveiseducatius.xtec.cat\/altmaresme\/wp-json\/wp\/v2\/categories?post=10870"},{"taxonomy":"post_tag","embeddable":true,"href":"https:\/\/serveiseducatius.xtec.cat\/altmaresme\/wp-json\/wp\/v2\/tags?post=10870"}],"curies":[{"name":"wp","href":"https:\/\/api.w.org\/{rel}","templated":true}]}}