{"id":10864,"date":"2018-03-15T11:19:45","date_gmt":"2018-03-15T10:19:45","guid":{"rendered":"http:\/\/serveiseducatius.xtec.cat\/altmaresme\/?p=10864"},"modified":"2018-04-11T17:32:22","modified_gmt":"2018-04-11T15:32:22","slug":"14a-cantada-escolar-pineda","status":"publish","type":"post","link":"https:\/\/serveiseducatius.xtec.cat\/altmaresme\/portada\/14a-cantada-escolar-pineda\/","title":{"rendered":"14a Cantada Escolar Pineda"},"content":{"rendered":"<div>\n<p><b>El proper 23 de mar\u00e7, a les 10.15 hores<\/b><b> <\/b>se celebrar\u00e0<b> la 14a edici\u00f3 de la Cantada Escolar de Pineda de Mar, <\/b>que tindr\u00e0 lloc<b> <\/b>, al complex esportiu de Can Xaubet.<\/p>\n<p>Aquest \u00e9s un esdeveniment \u00fanic i molt\u00a0 especial, de car\u00e0cter transversal, gens competitiu, que reuneix<i> m\u00e9s de 1500 infants de la nostra poblaci\u00f3.<\/i> Una celebraci\u00f3 arrelada ja a les escoles i esperada per les fam\u00edlies que compta amb la col\u00b7laboraci\u00f3 i la implicaci\u00f3 no nom\u00e9s del professorat especialista de m\u00fasica\u00a0 si no tamb\u00e9 d&#8217;altres mestres, educadors i de les mateixes fam\u00edlies.<\/p>\n<\/div>\n<div>Des dels seus inicis, l&#8217;any 2004, la cantada escolar ha estat lligada l&#8217;educaci\u00f3 en valors, socials i c\u00edvics. Enguany, recuperant la llavor que va donar inici a la trobada, el valor escollit \u00e9s el de la pau.<\/div>\n<div><\/div>\n<div><a href=\"http:\/\/serveiseducatius.xtec.cat\/altmaresme\/wp-content\/uploads\/usu1140\/2018\/03\/Cantada-escolar-2018.jpg\"><img loading=\"lazy\" decoding=\"async\" class=\" wp-image-10865 aligncenter\" src=\"http:\/\/serveiseducatius.xtec.cat\/altmaresme\/wp-content\/uploads\/usu1140\/2018\/03\/Cantada-escolar-2018-150x150.jpg\" alt=\"\" width=\"155\" height=\"155\" \/><\/a><\/div>\n","protected":false},"excerpt":{"rendered":"<p>El proper 23 de mar\u00e7, a les 10.15 hores se celebrar\u00e0 la 14a edici\u00f3 de la Cantada Escolar de Pineda de Mar, que tindr\u00e0 lloc , al complex esportiu de Can Xaubet.<br \/>\nAquest \u00e9s un esdeveniment \u00fanic i molt\u00a0 especial, de car\u00e0cter transversal, gens competitiu, que&hellip;  <a href=\"https:\/\/serveiseducatius.xtec.cat\/altmaresme\/portada\/14a-cantada-escolar-pineda\/\" title=\"Read 14a Cantada Escolar Pineda\">Llegeix m\u00e9s\u00bb<\/a><\/p>\n","protected":false},"author":7,"featured_media":10865,"comment_status":"open","ping_status":"closed","sticky":false,"template":"","format":"standard","meta":{"_bbp_topic_count":0,"_bbp_reply_count":0,"_bbp_total_topic_count":0,"_bbp_total_reply_count":0,"_bbp_voice_count":0,"_bbp_anonymous_reply_count":0,"_bbp_topic_count_hidden":0,"_bbp_reply_count_hidden":0,"_bbp_forum_subforum_count":0,"footnotes":""},"categories":[29],"tags":[],"class_list":["post-10864","post","type-post","status-publish","format-standard","has-post-thumbnail","hentry","category-portada"],"post_mailing_queue_ids":[],"_links":{"self":[{"href":"https:\/\/serveiseducatius.xtec.cat\/altmaresme\/wp-json\/wp\/v2\/posts\/10864","targetHints":{"allow":["GET"]}}],"collection":[{"href":"https:\/\/serveiseducatius.xtec.cat\/altmaresme\/wp-json\/wp\/v2\/posts"}],"about":[{"href":"https:\/\/serveiseducatius.xtec.cat\/altmaresme\/wp-json\/wp\/v2\/types\/post"}],"author":[{"embeddable":true,"href":"https:\/\/serveiseducatius.xtec.cat\/altmaresme\/wp-json\/wp\/v2\/users\/7"}],"replies":[{"embeddable":true,"href":"https:\/\/serveiseducatius.xtec.cat\/altmaresme\/wp-json\/wp\/v2\/comments?post=10864"}],"version-history":[{"count":2,"href":"https:\/\/serveiseducatius.xtec.cat\/altmaresme\/wp-json\/wp\/v2\/posts\/10864\/revisions"}],"predecessor-version":[{"id":10915,"href":"https:\/\/serveiseducatius.xtec.cat\/altmaresme\/wp-json\/wp\/v2\/posts\/10864\/revisions\/10915"}],"wp:featuredmedia":[{"embeddable":true,"href":"https:\/\/serveiseducatius.xtec.cat\/altmaresme\/wp-json\/wp\/v2\/media\/10865"}],"wp:attachment":[{"href":"https:\/\/serveiseducatius.xtec.cat\/altmaresme\/wp-json\/wp\/v2\/media?parent=10864"}],"wp:term":[{"taxonomy":"category","embeddable":true,"href":"https:\/\/serveiseducatius.xtec.cat\/altmaresme\/wp-json\/wp\/v2\/categories?post=10864"},{"taxonomy":"post_tag","embeddable":true,"href":"https:\/\/serveiseducatius.xtec.cat\/altmaresme\/wp-json\/wp\/v2\/tags?post=10864"}],"curies":[{"name":"wp","href":"https:\/\/api.w.org\/{rel}","templated":true}]}}