{"id":10830,"date":"2018-03-06T16:50:27","date_gmt":"2018-03-06T15:50:27","guid":{"rendered":"http:\/\/serveiseducatius.xtec.cat\/altmaresme\/?p=10830"},"modified":"2018-04-20T13:18:44","modified_gmt":"2018-04-20T11:18:44","slug":"presentacio-2a-jornada-orientacio-2018","status":"publish","type":"post","link":"https:\/\/serveiseducatius.xtec.cat\/altmaresme\/portada\/presentacio-2a-jornada-orientacio-2018\/","title":{"rendered":"2a Jornada Orientaci\u00f3 2018"},"content":{"rendered":"<p>Avui, <strong>divendres 13 d&#8217;abril de 2018<\/strong> hem realitzat la 2a Jornada d&#8217;Orientaci\u00f3. La formaci\u00f3 professional a l&#8217;Alt Maresme, a la <strong>F\u00e0brica Llobet-Guri de Calella<\/strong>.<\/p>\n<p>Hem organitzat tallers i xerrades dinamitzades pels professionals dels Cicles Formatius de Grau Mitj\u00e0, Grau Superior, Programes de Formaci\u00f3 i Inserci\u00f3, Itineraris formatius espec\u00edfics i Formaci\u00f3 d&#8217;Adults.<\/p>\n<p>Com a novetat a aquesta segona edici\u00f3, hem obert a la tarda per a rebre a fam\u00edlies i p\u00fablic en general.<\/p>\n<p>Podeu consultar tota la informaci\u00f3 al nostre <a href=\"http:\/\/serveiseducatius.xtec.cat\/altmaresme\/orientacio\/\" target=\"_blank\" rel=\"noopener noreferrer\">espai web<\/a>.<\/p>\n<p><a href=\"https:\/\/drive.google.com\/open?id=1ysX7uaOXi4Qtbtt63d-APKth-h5L_6hG\" target=\"_blank\" rel=\"noopener noreferrer\">Fotografies <\/a>de la jornada.<\/p>\n<p>&nbsp;<\/p>\n<p>&nbsp;<\/p>\n","protected":false},"excerpt":{"rendered":"<p>Avui, divendres 13 d&#8217;abril de 2018 hem realitzat la 2a Jornada d&#8217;Orientaci\u00f3. La formaci\u00f3 professional a l&#8217;Alt Maresme, a la F\u00e0brica Llobet-Guri de Calella.<br \/>\nHem organitzat tallers i xerrades dinamitzades pels professionals dels Cicles Formatius de Grau Mitj\u00e0, Grau Superior, Programes de Formaci\u00f3 i Inserci\u00f3, Itineraris&hellip;  <a href=\"https:\/\/serveiseducatius.xtec.cat\/altmaresme\/portada\/presentacio-2a-jornada-orientacio-2018\/\" title=\"Read 2a Jornada Orientaci\u00f3 2018\">Llegeix m\u00e9s\u00bb<\/a><\/p>\n","protected":false},"author":7,"featured_media":10936,"comment_status":"open","ping_status":"closed","sticky":false,"template":"","format":"standard","meta":{"_bbp_topic_count":0,"_bbp_reply_count":0,"_bbp_total_topic_count":0,"_bbp_total_reply_count":0,"_bbp_voice_count":0,"_bbp_anonymous_reply_count":0,"_bbp_topic_count_hidden":0,"_bbp_reply_count_hidden":0,"_bbp_forum_subforum_count":0,"footnotes":""},"categories":[29],"tags":[],"class_list":["post-10830","post","type-post","status-publish","format-standard","has-post-thumbnail","hentry","category-portada"],"post_mailing_queue_ids":[],"_links":{"self":[{"href":"https:\/\/serveiseducatius.xtec.cat\/altmaresme\/wp-json\/wp\/v2\/posts\/10830","targetHints":{"allow":["GET"]}}],"collection":[{"href":"https:\/\/serveiseducatius.xtec.cat\/altmaresme\/wp-json\/wp\/v2\/posts"}],"about":[{"href":"https:\/\/serveiseducatius.xtec.cat\/altmaresme\/wp-json\/wp\/v2\/types\/post"}],"author":[{"embeddable":true,"href":"https:\/\/serveiseducatius.xtec.cat\/altmaresme\/wp-json\/wp\/v2\/users\/7"}],"replies":[{"embeddable":true,"href":"https:\/\/serveiseducatius.xtec.cat\/altmaresme\/wp-json\/wp\/v2\/comments?post=10830"}],"version-history":[{"count":3,"href":"https:\/\/serveiseducatius.xtec.cat\/altmaresme\/wp-json\/wp\/v2\/posts\/10830\/revisions"}],"predecessor-version":[{"id":10942,"href":"https:\/\/serveiseducatius.xtec.cat\/altmaresme\/wp-json\/wp\/v2\/posts\/10830\/revisions\/10942"}],"wp:featuredmedia":[{"embeddable":true,"href":"https:\/\/serveiseducatius.xtec.cat\/altmaresme\/wp-json\/wp\/v2\/media\/10936"}],"wp:attachment":[{"href":"https:\/\/serveiseducatius.xtec.cat\/altmaresme\/wp-json\/wp\/v2\/media?parent=10830"}],"wp:term":[{"taxonomy":"category","embeddable":true,"href":"https:\/\/serveiseducatius.xtec.cat\/altmaresme\/wp-json\/wp\/v2\/categories?post=10830"},{"taxonomy":"post_tag","embeddable":true,"href":"https:\/\/serveiseducatius.xtec.cat\/altmaresme\/wp-json\/wp\/v2\/tags?post=10830"}],"curies":[{"name":"wp","href":"https:\/\/api.w.org\/{rel}","templated":true}]}}