{"id":10792,"date":"2018-02-20T16:14:32","date_gmt":"2018-02-20T15:14:32","guid":{"rendered":"http:\/\/serveiseducatius.xtec.cat\/altmaresme\/?p=10792"},"modified":"2018-02-20T16:14:32","modified_gmt":"2018-02-20T15:14:32","slug":"formacio-educac","status":"publish","type":"post","link":"https:\/\/serveiseducatius.xtec.cat\/altmaresme\/portada\/formacio-educac\/","title":{"rendered":"Formaci\u00f3 eduCAC"},"content":{"rendered":"<p>El proper dia <strong>1 de mar\u00e7<\/strong> a la tarda es dur\u00e0 a terme una presentaci\u00f3-taller d\u2019<strong>eduCAC<\/strong> al <strong>CESIRE<\/strong> (Barcelona). La sessi\u00f3, de dues hores, comptar\u00e0 amb una part pr\u00e0ctica per donar pautes sobre com utilitzar els materials a les aules.<\/p>\n<p>Trobareu tota la informaci\u00f3 tant al web d\u2019eduCAC (<a href=\"http:\/\/www.educac.cat\/professorat\/formacio\" data-saferedirecturl=\"https:\/\/www.google.com\/url?hl=ca&amp;q=http:\/\/www.educac.cat\/professorat\/formacio&amp;source=gmail&amp;ust=1519220443059000&amp;usg=AFQjCNEi70569RoohxWIcuMbcsxtAKDe7g\">http:\/\/www.educac.cat\/professorat\/formacio<\/a>) com al del CESIRE (<a href=\"http:\/\/agora.xtec.cat\/cesire\/general\/descobreix-el-programa-educac\/\" data-saferedirecturl=\"https:\/\/www.google.com\/url?hl=ca&amp;q=http:\/\/agora.xtec.cat\/cesire\/general\/descobreix-el-programa-educac\/&amp;source=gmail&amp;ust=1519220443059000&amp;usg=AFQjCNFVBGP7z8t0PvEDAdUeH_VJV-b2Tg\">http:\/\/agora.xtec.cat\/cesire\/general\/descobreix-el-programa-educac\/<\/a>).<\/p>\n<p>El professorat interessat es pot inscriure a trav\u00e9s del seg\u00fcent formulari: <a href=\"http:\/\/bit.ly\/2nW3DK5\" data-saferedirecturl=\"https:\/\/www.google.com\/url?hl=ca&amp;q=http:\/\/bit.ly\/2nW3DK5&amp;source=gmail&amp;ust=1519220443059000&amp;usg=AFQjCNGsuXNR37rQ6jUeTQ4VXtfNTygWwg\">http:\/\/bit.ly\/2nW3DK5<\/a><\/p>\n","protected":false},"excerpt":{"rendered":"<p>El proper dia 1 de mar\u00e7 a la tarda es dur\u00e0 a terme una presentaci\u00f3-taller d\u2019eduCAC al CESIRE (Barcelona). La sessi\u00f3, de dues hores, comptar\u00e0 amb una part pr\u00e0ctica per donar pautes sobre com utilitzar els materials a les aules.<br \/>\nTrobareu tota la informaci\u00f3 tant al&hellip;  <a href=\"https:\/\/serveiseducatius.xtec.cat\/altmaresme\/portada\/formacio-educac\/\" title=\"Read Formaci\u00f3 eduCAC\">Llegeix m\u00e9s\u00bb<\/a><\/p>\n","protected":false},"author":7,"featured_media":10793,"comment_status":"open","ping_status":"closed","sticky":false,"template":"","format":"standard","meta":{"_bbp_topic_count":0,"_bbp_reply_count":0,"_bbp_total_topic_count":0,"_bbp_total_reply_count":0,"_bbp_voice_count":0,"_bbp_anonymous_reply_count":0,"_bbp_topic_count_hidden":0,"_bbp_reply_count_hidden":0,"_bbp_forum_subforum_count":0,"footnotes":""},"categories":[29],"tags":[],"class_list":["post-10792","post","type-post","status-publish","format-standard","has-post-thumbnail","hentry","category-portada"],"post_mailing_queue_ids":[],"_links":{"self":[{"href":"https:\/\/serveiseducatius.xtec.cat\/altmaresme\/wp-json\/wp\/v2\/posts\/10792","targetHints":{"allow":["GET"]}}],"collection":[{"href":"https:\/\/serveiseducatius.xtec.cat\/altmaresme\/wp-json\/wp\/v2\/posts"}],"about":[{"href":"https:\/\/serveiseducatius.xtec.cat\/altmaresme\/wp-json\/wp\/v2\/types\/post"}],"author":[{"embeddable":true,"href":"https:\/\/serveiseducatius.xtec.cat\/altmaresme\/wp-json\/wp\/v2\/users\/7"}],"replies":[{"embeddable":true,"href":"https:\/\/serveiseducatius.xtec.cat\/altmaresme\/wp-json\/wp\/v2\/comments?post=10792"}],"version-history":[{"count":1,"href":"https:\/\/serveiseducatius.xtec.cat\/altmaresme\/wp-json\/wp\/v2\/posts\/10792\/revisions"}],"predecessor-version":[{"id":10794,"href":"https:\/\/serveiseducatius.xtec.cat\/altmaresme\/wp-json\/wp\/v2\/posts\/10792\/revisions\/10794"}],"wp:featuredmedia":[{"embeddable":true,"href":"https:\/\/serveiseducatius.xtec.cat\/altmaresme\/wp-json\/wp\/v2\/media\/10793"}],"wp:attachment":[{"href":"https:\/\/serveiseducatius.xtec.cat\/altmaresme\/wp-json\/wp\/v2\/media?parent=10792"}],"wp:term":[{"taxonomy":"category","embeddable":true,"href":"https:\/\/serveiseducatius.xtec.cat\/altmaresme\/wp-json\/wp\/v2\/categories?post=10792"},{"taxonomy":"post_tag","embeddable":true,"href":"https:\/\/serveiseducatius.xtec.cat\/altmaresme\/wp-json\/wp\/v2\/tags?post=10792"}],"curies":[{"name":"wp","href":"https:\/\/api.w.org\/{rel}","templated":true}]}}