{"id":10706,"date":"2018-01-26T15:22:05","date_gmt":"2018-01-26T14:22:05","guid":{"rendered":"http:\/\/serveiseducatius.xtec.cat\/altmaresme\/?p=10706"},"modified":"2018-01-26T15:22:36","modified_gmt":"2018-01-26T14:22:36","slug":"seminari-deducacio-i-mitjans-de-comunicacio","status":"publish","type":"post","link":"https:\/\/serveiseducatius.xtec.cat\/altmaresme\/portada\/seminari-deducacio-i-mitjans-de-comunicacio\/","title":{"rendered":"Seminari d&#8217;Educaci\u00f3 i Mitjans de Comunicaci\u00f3"},"content":{"rendered":"<p><strong>Debat inaugural + Seminari de Pedagogia<\/strong><\/p>\n<p>Adre\u00e7at a mestres del darrer cicle d\u2019Educaci\u00f3 Prim\u00e0ria i professors de secund\u00e0ria. Professionals de l\u2019ensenyament.<\/p>\n<p><strong>Debat inaugural. UNA ALTRA VIDA A LA XARXA Els nostres alumnes hi s\u00f3n. <\/strong><\/p>\n<p>28 de febrer de 2018 a les 18:00h<\/p>\n<p>A \u00a0la seu de l\u2019Institut d\u2019Estudis Catalans (<a href=\"https:\/\/maps.google.com\/?q=C.+Carme,+47,+Barcelona&amp;entry=gmail&amp;source=g\" target=\"_blank\" rel=\"noopener noreferrer\">C. Carme, 47, Barcelona<\/a>)<\/p>\n<p><strong>Seminari de Pedagogia. <\/strong><strong>ENTRE L\u2019ESCOLA I LES PANTALLES<\/strong><\/p>\n<p>14 i 15 de mar\u00e7 de 2018 a les 17:30h<\/p>\n<p>A la seu de l\u2019Institut d\u2019Estudis Catalans<\/p>\n<p><a href=\"http:\/\/blogs.iec.cat\/scp\/2017\/10\/03\/educacio-i-mitjans-de-comunicacio-inaguracio-de-curs-seminari-de-pedagogia\/\" target=\"_blank\" rel=\"noopener noreferrer\">Programa<\/a><\/p>\n<p>INSCRIPCIONS GRATU\u00cfTES: <a href=\"http:\/\/www.iec.cat\/jornades\/cicleformatiu2017.asp\" target=\"_blank\" rel=\"noopener noreferrer\">http:\/\/www.iec.cat\/jornades\/cicleformatiu2017.asp<\/a><\/p>\n","protected":false},"excerpt":{"rendered":"<p>Debat inaugural + Seminari de Pedagogia<br \/>\nAdre\u00e7at a mestres del darrer cicle d\u2019Educaci\u00f3 Prim\u00e0ria i professors de secund\u00e0ria. Professionals de l\u2019ensenyament.<br \/>\nDebat inaugural. UNA ALTRA VIDA A LA XARXA Els nostres alumnes hi s\u00f3n.<br \/>\n28 de febrer de 2018 a les 18:00h<br \/>\nA \u00a0la seu de l\u2019Institut d\u2019Estudis&hellip;  <a href=\"https:\/\/serveiseducatius.xtec.cat\/altmaresme\/portada\/seminari-deducacio-i-mitjans-de-comunicacio\/\" title=\"Read Seminari d&#8217;Educaci\u00f3 i Mitjans de Comunicaci\u00f3\">Llegeix m\u00e9s\u00bb<\/a><\/p>\n","protected":false},"author":7,"featured_media":10707,"comment_status":"open","ping_status":"closed","sticky":false,"template":"","format":"standard","meta":{"_bbp_topic_count":0,"_bbp_reply_count":0,"_bbp_total_topic_count":0,"_bbp_total_reply_count":0,"_bbp_voice_count":0,"_bbp_anonymous_reply_count":0,"_bbp_topic_count_hidden":0,"_bbp_reply_count_hidden":0,"_bbp_forum_subforum_count":0,"footnotes":""},"categories":[29],"tags":[],"class_list":["post-10706","post","type-post","status-publish","format-standard","has-post-thumbnail","hentry","category-portada"],"post_mailing_queue_ids":[],"_links":{"self":[{"href":"https:\/\/serveiseducatius.xtec.cat\/altmaresme\/wp-json\/wp\/v2\/posts\/10706","targetHints":{"allow":["GET"]}}],"collection":[{"href":"https:\/\/serveiseducatius.xtec.cat\/altmaresme\/wp-json\/wp\/v2\/posts"}],"about":[{"href":"https:\/\/serveiseducatius.xtec.cat\/altmaresme\/wp-json\/wp\/v2\/types\/post"}],"author":[{"embeddable":true,"href":"https:\/\/serveiseducatius.xtec.cat\/altmaresme\/wp-json\/wp\/v2\/users\/7"}],"replies":[{"embeddable":true,"href":"https:\/\/serveiseducatius.xtec.cat\/altmaresme\/wp-json\/wp\/v2\/comments?post=10706"}],"version-history":[{"count":1,"href":"https:\/\/serveiseducatius.xtec.cat\/altmaresme\/wp-json\/wp\/v2\/posts\/10706\/revisions"}],"predecessor-version":[{"id":10708,"href":"https:\/\/serveiseducatius.xtec.cat\/altmaresme\/wp-json\/wp\/v2\/posts\/10706\/revisions\/10708"}],"wp:featuredmedia":[{"embeddable":true,"href":"https:\/\/serveiseducatius.xtec.cat\/altmaresme\/wp-json\/wp\/v2\/media\/10707"}],"wp:attachment":[{"href":"https:\/\/serveiseducatius.xtec.cat\/altmaresme\/wp-json\/wp\/v2\/media?parent=10706"}],"wp:term":[{"taxonomy":"category","embeddable":true,"href":"https:\/\/serveiseducatius.xtec.cat\/altmaresme\/wp-json\/wp\/v2\/categories?post=10706"},{"taxonomy":"post_tag","embeddable":true,"href":"https:\/\/serveiseducatius.xtec.cat\/altmaresme\/wp-json\/wp\/v2\/tags?post=10706"}],"curies":[{"name":"wp","href":"https:\/\/api.w.org\/{rel}","templated":true}]}}