{"id":10665,"date":"2018-01-18T18:31:59","date_gmt":"2018-01-18T17:31:59","guid":{"rendered":"http:\/\/serveiseducatius.xtec.cat\/altmaresme\/?p=10665"},"modified":"2018-01-18T18:31:59","modified_gmt":"2018-01-18T17:31:59","slug":"ii-jornada-tacart-2","status":"publish","type":"post","link":"https:\/\/serveiseducatius.xtec.cat\/altmaresme\/portada\/ii-jornada-tacart-2\/","title":{"rendered":"II Jornada TACArt"},"content":{"rendered":"<p dir=\"ltr\">Des de l\u2019\u00c0rea TAC del Departament estan preparant la II Jornada TACArt, que es celebrar\u00e0 el <strong>dissabte 10 de mar\u00e7 de 2018 a l&#8217;espai Fabra i Coats F\u00e0brica de creaci\u00f3 a Barcelona.<\/strong> T\u00e9 com a objectiu promoure l\u2019\u00fas de les TAC en els camps art\u00edstics per mitj\u00e0 de la difusi\u00f3 d\u2019experi\u00e8ncies realitzades per docents del territori.<\/p>\n<p dir=\"ltr\">Durant aquesta Jornada, es fa difusi\u00f3 de diferents projectes realitzats per docents d\u2019etapes ben diferenciades (des d\u2019Educaci\u00f3 Infantil i Prim\u00e0ria, fins a l\u2019etapa post-obligat\u00f2ria aix\u00ed com centres d\u2019ensenyaments art\u00edstics com escoles de m\u00fasica, dansa i d\u2019altres).<\/p>\n<p dir=\"ltr\">A continuaci\u00f3 trobareu el web de la Jornada i l\u2019enlla\u00e7 al Formulari que haureu d\u2019emplenar els centres interessats no m\u00e9s tard del 28 de gener.<\/p>\n<p dir=\"ltr\"><a href=\"http:\/\/blocs.xtec.cat\/tacart\/\" target=\"_blank\" rel=\"noopener noreferrer\" data-saferedirecturl=\"https:\/\/www.google.com\/url?hl=ca&amp;q=http:\/\/blocs.xtec.cat\/tacart\/&amp;source=gmail&amp;ust=1516382843260000&amp;usg=AFQjCNF8SImGJok29yGgXFk2i3J97EtbaQ\">http:\/\/blocs.xtec.cat\/tacart\/<\/a><\/p>\n<p dir=\"ltr\"><a href=\"http:\/\/blocs.xtec.cat\/tacart\/sollicituds\/\" target=\"_blank\" rel=\"noopener noreferrer\" data-saferedirecturl=\"https:\/\/www.google.com\/url?hl=ca&amp;q=http:\/\/blocs.xtec.cat\/tacart\/sollicituds\/&amp;source=gmail&amp;ust=1516382843260000&amp;usg=AFQjCNFXvR7HzD06Kx7-E2FrUc8alhzKaw\">http:\/\/blocs.xtec.cat\/tacart\/s<wbr \/>ollicituds\/<\/a><\/p>\n<p>&nbsp;<\/p>\n","protected":false},"excerpt":{"rendered":"<p>Des de l\u2019\u00c0rea TAC del Departament estan preparant la II Jornada TACArt, que es celebrar\u00e0 el dissabte 10 de mar\u00e7 de 2018 a l&#8217;espai Fabra i Coats F\u00e0brica de creaci\u00f3 a Barcelona. T\u00e9 com a objectiu promoure l\u2019\u00fas de les TAC en els camps art\u00edstics&hellip;  <a href=\"https:\/\/serveiseducatius.xtec.cat\/altmaresme\/portada\/ii-jornada-tacart-2\/\" title=\"Read II Jornada TACArt\">Llegeix m\u00e9s\u00bb<\/a><\/p>\n","protected":false},"author":7,"featured_media":10666,"comment_status":"open","ping_status":"closed","sticky":false,"template":"","format":"standard","meta":{"_bbp_topic_count":0,"_bbp_reply_count":0,"_bbp_total_topic_count":0,"_bbp_total_reply_count":0,"_bbp_voice_count":0,"_bbp_anonymous_reply_count":0,"_bbp_topic_count_hidden":0,"_bbp_reply_count_hidden":0,"_bbp_forum_subforum_count":0,"footnotes":""},"categories":[29],"tags":[],"class_list":["post-10665","post","type-post","status-publish","format-standard","has-post-thumbnail","hentry","category-portada"],"post_mailing_queue_ids":[],"_links":{"self":[{"href":"https:\/\/serveiseducatius.xtec.cat\/altmaresme\/wp-json\/wp\/v2\/posts\/10665","targetHints":{"allow":["GET"]}}],"collection":[{"href":"https:\/\/serveiseducatius.xtec.cat\/altmaresme\/wp-json\/wp\/v2\/posts"}],"about":[{"href":"https:\/\/serveiseducatius.xtec.cat\/altmaresme\/wp-json\/wp\/v2\/types\/post"}],"author":[{"embeddable":true,"href":"https:\/\/serveiseducatius.xtec.cat\/altmaresme\/wp-json\/wp\/v2\/users\/7"}],"replies":[{"embeddable":true,"href":"https:\/\/serveiseducatius.xtec.cat\/altmaresme\/wp-json\/wp\/v2\/comments?post=10665"}],"version-history":[{"count":1,"href":"https:\/\/serveiseducatius.xtec.cat\/altmaresme\/wp-json\/wp\/v2\/posts\/10665\/revisions"}],"predecessor-version":[{"id":10667,"href":"https:\/\/serveiseducatius.xtec.cat\/altmaresme\/wp-json\/wp\/v2\/posts\/10665\/revisions\/10667"}],"wp:featuredmedia":[{"embeddable":true,"href":"https:\/\/serveiseducatius.xtec.cat\/altmaresme\/wp-json\/wp\/v2\/media\/10666"}],"wp:attachment":[{"href":"https:\/\/serveiseducatius.xtec.cat\/altmaresme\/wp-json\/wp\/v2\/media?parent=10665"}],"wp:term":[{"taxonomy":"category","embeddable":true,"href":"https:\/\/serveiseducatius.xtec.cat\/altmaresme\/wp-json\/wp\/v2\/categories?post=10665"},{"taxonomy":"post_tag","embeddable":true,"href":"https:\/\/serveiseducatius.xtec.cat\/altmaresme\/wp-json\/wp\/v2\/tags?post=10665"}],"curies":[{"name":"wp","href":"https:\/\/api.w.org\/{rel}","templated":true}]}}