{"id":10614,"date":"2017-12-21T12:52:57","date_gmt":"2017-12-21T11:52:57","guid":{"rendered":"http:\/\/serveiseducatius.xtec.cat\/altmaresme\/?p=10614"},"modified":"2018-04-11T17:37:47","modified_gmt":"2018-04-11T15:37:47","slug":"xxiii-concurs-el-gust-per-la-lectura-2","status":"publish","type":"post","link":"https:\/\/serveiseducatius.xtec.cat\/altmaresme\/general\/xxiii-concurs-el-gust-per-la-lectura-2\/","title":{"rendered":"XXIII Concurs El Gust per la Lectura"},"content":{"rendered":"<blockquote>\n<p dir=\"ltr\"><span style=\"color: #000000;\">S&#8217;amplia el per\u00edode d&#8217;inscripci\u00f3 al concurs El Gust per la Lectura fins el 22 de gener.<\/span><\/p>\n<p dir=\"ltr\"><a href=\"http:\/\/serveiseducatius.xtec.cat\/altmaresme\/wp-content\/uploads\/usu1140\/2017\/12\/Captura.png\"><img loading=\"lazy\" decoding=\"async\" class=\"alignnone size-medium wp-image-10616\" src=\"http:\/\/serveiseducatius.xtec.cat\/altmaresme\/wp-content\/uploads\/usu1140\/2017\/12\/Captura-300x201.png\" alt=\"\" width=\"300\" height=\"201\" srcset=\"https:\/\/serveiseducatius.xtec.cat\/altmaresme\/wp-content\/uploads\/usu1140\/2017\/12\/Captura-300x201.png 300w, https:\/\/serveiseducatius.xtec.cat\/altmaresme\/wp-content\/uploads\/usu1140\/2017\/12\/Captura.png 341w\" sizes=\"auto, (max-width: 300px) 100vw, 300px\" \/><\/a><\/p>\n<p dir=\"ltr\"><span style=\"color: #000000;\">Trobareu\u00a0tota <span class=\"m_8394090888401796871m_-1069677832146467314gmail-il\">la<\/span> informaci\u00f3 de la convocat\u00f2ria, les bases i l&#8217;acc\u00e9s al formulari d&#8217;inscripci\u00f3\u00a0<\/span><a href=\"http:\/\/xtec.gencat.cat\/ca\/projectes\/lectura\/gustperlalectura\/concurs\/convocatoriaibases\/#\" target=\"_blank\" rel=\"noopener noreferrer\">clicant aqu\u00ed<\/a>.<\/p>\n<p dir=\"ltr\"><span style=\"color: #000000;\">Inscripci\u00f3:\u00a0 fins al\u00a022 de gener.<\/span><\/p>\n<p dir=\"ltr\"><span style=\"color: #000000;\">Lliurament de treballs: Del 15 de mar\u00e7 al 7 de maig.<\/span><\/p>\n<div>\u200b<span style=\"color: #20124d;\">Animeu-vos a participar-hi\u200b!<\/span><\/div>\n<\/blockquote>\n","protected":false},"excerpt":{"rendered":"<p>S&#8217;amplia el per\u00edode d&#8217;inscripci\u00f3 al concurs El Gust per la Lectura fins el 22 de gener.<br \/>\n<a href=\"http:\/\/serveiseducatius.xtec.cat\/altmaresme\/wp-content\/uploads\/usu1140\/2017\/12\/Captura.png\"><\/a><br \/>\nTrobareu\u00a0tota la informaci\u00f3 de la convocat\u00f2ria, les bases i l&#8217;acc\u00e9s al formulari d&#8217;inscripci\u00f3\u00a0<a href=\"http:\/\/xtec.gencat.cat\/ca\/projectes\/lectura\/gustperlalectura\/concurs\/convocatoriaibases\/#\" target=\"_blank\" rel=\"noopener noreferrer\">clicant aqu\u00ed<\/a>.<br \/>\nInscripci\u00f3:\u00a0 fins al\u00a022 de gener.<br \/>\nLliurament de treballs: Del 15 de mar\u00e7 al&hellip;  <a href=\"https:\/\/serveiseducatius.xtec.cat\/altmaresme\/general\/xxiii-concurs-el-gust-per-la-lectura-2\/\" title=\"Read XXIII Concurs El Gust per la Lectura\">Llegeix m\u00e9s\u00bb<\/a><\/p>\n","protected":false},"author":6,"featured_media":0,"comment_status":"open","ping_status":"closed","sticky":false,"template":"","format":"standard","meta":{"_bbp_topic_count":0,"_bbp_reply_count":0,"_bbp_total_topic_count":0,"_bbp_total_reply_count":0,"_bbp_voice_count":0,"_bbp_anonymous_reply_count":0,"_bbp_topic_count_hidden":0,"_bbp_reply_count_hidden":0,"_bbp_forum_subforum_count":0,"footnotes":""},"categories":[81,1,29],"tags":[],"class_list":["post-10614","post","type-post","status-publish","format-standard","hentry","category-biblioteca-escolar","category-general","category-portada"],"post_mailing_queue_ids":[],"_links":{"self":[{"href":"https:\/\/serveiseducatius.xtec.cat\/altmaresme\/wp-json\/wp\/v2\/posts\/10614","targetHints":{"allow":["GET"]}}],"collection":[{"href":"https:\/\/serveiseducatius.xtec.cat\/altmaresme\/wp-json\/wp\/v2\/posts"}],"about":[{"href":"https:\/\/serveiseducatius.xtec.cat\/altmaresme\/wp-json\/wp\/v2\/types\/post"}],"author":[{"embeddable":true,"href":"https:\/\/serveiseducatius.xtec.cat\/altmaresme\/wp-json\/wp\/v2\/users\/6"}],"replies":[{"embeddable":true,"href":"https:\/\/serveiseducatius.xtec.cat\/altmaresme\/wp-json\/wp\/v2\/comments?post=10614"}],"version-history":[{"count":3,"href":"https:\/\/serveiseducatius.xtec.cat\/altmaresme\/wp-json\/wp\/v2\/posts\/10614\/revisions"}],"predecessor-version":[{"id":10618,"href":"https:\/\/serveiseducatius.xtec.cat\/altmaresme\/wp-json\/wp\/v2\/posts\/10614\/revisions\/10618"}],"wp:attachment":[{"href":"https:\/\/serveiseducatius.xtec.cat\/altmaresme\/wp-json\/wp\/v2\/media?parent=10614"}],"wp:term":[{"taxonomy":"category","embeddable":true,"href":"https:\/\/serveiseducatius.xtec.cat\/altmaresme\/wp-json\/wp\/v2\/categories?post=10614"},{"taxonomy":"post_tag","embeddable":true,"href":"https:\/\/serveiseducatius.xtec.cat\/altmaresme\/wp-json\/wp\/v2\/tags?post=10614"}],"curies":[{"name":"wp","href":"https:\/\/api.w.org\/{rel}","templated":true}]}}