{"id":10496,"date":"2017-12-13T11:11:45","date_gmt":"2017-12-13T10:11:45","guid":{"rendered":"http:\/\/serveiseducatius.xtec.cat\/altmaresme\/?p=10496"},"modified":"2017-12-13T11:11:45","modified_gmt":"2017-12-13T10:11:45","slug":"ii-jornada-tacart","status":"publish","type":"post","link":"https:\/\/serveiseducatius.xtec.cat\/altmaresme\/portada\/ii-jornada-tacart\/","title":{"rendered":"II Jornada TACART"},"content":{"rendered":"<p>Properament s\u2019obrir\u00e0 el per\u00edode de presentaci\u00f3 d\u2019experi\u00e8ncies per a la II Jornada TACART, que s\u2019organitzar\u00e0 a Barcelona el proper mes de <strong>mar\u00e7 de 2018<\/strong>.<\/p>\n<div class=\"entry-content\">\n<p>La Jornada estar\u00e0 dedicada a l\u2019intercanvi d\u2019experi\u00e8ncies d\u2019educaci\u00f3 art\u00edstica: <strong>visual i pl\u00e0stica,\u00a0m\u00fasica i dansa<\/strong><em>,\u00a0<\/em>amb l\u2019\u00fas de<strong>\u00a0tecnologia<\/strong> dins el m\u00f3n educatiu.<\/p>\n<p>Aquesta trobada est\u00e0 especialment adre\u00e7ada a mestres de\u00a0prim\u00e0ria, professorat de secund\u00e0ria i ensenyaments art\u00edstics, essent oberta a altres professionals interessats en la tem\u00e0tica.<\/p>\n<p>M\u00e9s informaci\u00f3: <a href=\"http:\/\/blocs.xtec.cat\/tacart\/\" target=\"_blank\" rel=\"noopener noreferrer\">http:\/\/blocs.xtec.cat\/tacart\/<\/a><\/p>\n<p>&nbsp;<\/p>\n<\/div>\n","protected":false},"excerpt":{"rendered":"<p>Properament s\u2019obrir\u00e0 el per\u00edode de presentaci\u00f3 d\u2019experi\u00e8ncies per a la II Jornada TACART, que s\u2019organitzar\u00e0 a Barcelona el proper mes de mar\u00e7 de 2018.<\/p>\n<p>La Jornada estar\u00e0 dedicada a l\u2019intercanvi d\u2019experi\u00e8ncies d\u2019educaci\u00f3 art\u00edstica: visual i pl\u00e0stica,\u00a0m\u00fasica i dansa,\u00a0amb l\u2019\u00fas de\u00a0tecnologia dins el m\u00f3n educatiu.<br \/>\nAquesta trobada est\u00e0&hellip;  <a href=\"https:\/\/serveiseducatius.xtec.cat\/altmaresme\/portada\/ii-jornada-tacart\/\" title=\"Read II Jornada TACART\">Llegeix m\u00e9s\u00bb<\/a><\/p>\n","protected":false},"author":7,"featured_media":10497,"comment_status":"open","ping_status":"closed","sticky":false,"template":"","format":"standard","meta":{"_bbp_topic_count":0,"_bbp_reply_count":0,"_bbp_total_topic_count":0,"_bbp_total_reply_count":0,"_bbp_voice_count":0,"_bbp_anonymous_reply_count":0,"_bbp_topic_count_hidden":0,"_bbp_reply_count_hidden":0,"_bbp_forum_subforum_count":0,"footnotes":""},"categories":[500,29],"tags":[],"class_list":["post-10496","post","type-post","status-publish","format-standard","has-post-thumbnail","hentry","category-culturadigital","category-portada"],"post_mailing_queue_ids":[],"_links":{"self":[{"href":"https:\/\/serveiseducatius.xtec.cat\/altmaresme\/wp-json\/wp\/v2\/posts\/10496","targetHints":{"allow":["GET"]}}],"collection":[{"href":"https:\/\/serveiseducatius.xtec.cat\/altmaresme\/wp-json\/wp\/v2\/posts"}],"about":[{"href":"https:\/\/serveiseducatius.xtec.cat\/altmaresme\/wp-json\/wp\/v2\/types\/post"}],"author":[{"embeddable":true,"href":"https:\/\/serveiseducatius.xtec.cat\/altmaresme\/wp-json\/wp\/v2\/users\/7"}],"replies":[{"embeddable":true,"href":"https:\/\/serveiseducatius.xtec.cat\/altmaresme\/wp-json\/wp\/v2\/comments?post=10496"}],"version-history":[{"count":1,"href":"https:\/\/serveiseducatius.xtec.cat\/altmaresme\/wp-json\/wp\/v2\/posts\/10496\/revisions"}],"predecessor-version":[{"id":10498,"href":"https:\/\/serveiseducatius.xtec.cat\/altmaresme\/wp-json\/wp\/v2\/posts\/10496\/revisions\/10498"}],"wp:featuredmedia":[{"embeddable":true,"href":"https:\/\/serveiseducatius.xtec.cat\/altmaresme\/wp-json\/wp\/v2\/media\/10497"}],"wp:attachment":[{"href":"https:\/\/serveiseducatius.xtec.cat\/altmaresme\/wp-json\/wp\/v2\/media?parent=10496"}],"wp:term":[{"taxonomy":"category","embeddable":true,"href":"https:\/\/serveiseducatius.xtec.cat\/altmaresme\/wp-json\/wp\/v2\/categories?post=10496"},{"taxonomy":"post_tag","embeddable":true,"href":"https:\/\/serveiseducatius.xtec.cat\/altmaresme\/wp-json\/wp\/v2\/tags?post=10496"}],"curies":[{"name":"wp","href":"https:\/\/api.w.org\/{rel}","templated":true}]}}