{"id":10493,"date":"2017-12-13T11:09:20","date_gmt":"2017-12-13T10:09:20","guid":{"rendered":"http:\/\/serveiseducatius.xtec.cat\/altmaresme\/?p=10493"},"modified":"2017-12-13T11:09:20","modified_gmt":"2017-12-13T10:09:20","slug":"xnergic","status":"publish","type":"post","link":"https:\/\/serveiseducatius.xtec.cat\/altmaresme\/docencia\/culturadigital\/xnergic\/","title":{"rendered":"Xnergic"},"content":{"rendered":"<p>Xnergic \u00e9s un moviment creat en un entorn universitari que pret\u00e9n <strong>despertar vocacions tecnol\u00f2giques<\/strong> en els joves entre 12 i 18 anys, en un moment en qu\u00e8 han d\u2019orientar el seu futur acad\u00e8mic i professional. El nostre objectiu \u00e9s donar a con\u00e8ixer, de manera pr\u00e0ctica i vivencial (<strong>learning by doing<\/strong>), les possibilitats que ofereix la tecnologia i transmetre\u2019ls la passi\u00f3 per programar o desenvolupar tecnologia.<\/p>\n<p><a href=\"http:\/\/xnergic.org\/\" target=\"_blank\" rel=\"noopener noreferrer\">http:\/\/xnergic.org\/<\/a><\/p>\n","protected":false},"excerpt":{"rendered":"<p>Xnergic \u00e9s un moviment creat en un entorn universitari que pret\u00e9n despertar vocacions tecnol\u00f2giques en els joves entre 12 i 18 anys, en un moment en qu\u00e8 han d\u2019orientar el seu futur acad\u00e8mic i professional. El nostre objectiu \u00e9s donar a con\u00e8ixer, de manera pr\u00e0ctica&hellip;  <a href=\"https:\/\/serveiseducatius.xtec.cat\/altmaresme\/docencia\/culturadigital\/xnergic\/\" title=\"Read Xnergic\">Llegeix m\u00e9s\u00bb<\/a><\/p>\n","protected":false},"author":7,"featured_media":10494,"comment_status":"open","ping_status":"closed","sticky":false,"template":"","format":"standard","meta":{"_bbp_topic_count":0,"_bbp_reply_count":0,"_bbp_total_topic_count":0,"_bbp_total_reply_count":0,"_bbp_voice_count":0,"_bbp_anonymous_reply_count":0,"_bbp_topic_count_hidden":0,"_bbp_reply_count_hidden":0,"_bbp_forum_subforum_count":0,"footnotes":""},"categories":[500],"tags":[],"class_list":["post-10493","post","type-post","status-publish","format-standard","has-post-thumbnail","hentry","category-culturadigital"],"post_mailing_queue_ids":[],"_links":{"self":[{"href":"https:\/\/serveiseducatius.xtec.cat\/altmaresme\/wp-json\/wp\/v2\/posts\/10493","targetHints":{"allow":["GET"]}}],"collection":[{"href":"https:\/\/serveiseducatius.xtec.cat\/altmaresme\/wp-json\/wp\/v2\/posts"}],"about":[{"href":"https:\/\/serveiseducatius.xtec.cat\/altmaresme\/wp-json\/wp\/v2\/types\/post"}],"author":[{"embeddable":true,"href":"https:\/\/serveiseducatius.xtec.cat\/altmaresme\/wp-json\/wp\/v2\/users\/7"}],"replies":[{"embeddable":true,"href":"https:\/\/serveiseducatius.xtec.cat\/altmaresme\/wp-json\/wp\/v2\/comments?post=10493"}],"version-history":[{"count":1,"href":"https:\/\/serveiseducatius.xtec.cat\/altmaresme\/wp-json\/wp\/v2\/posts\/10493\/revisions"}],"predecessor-version":[{"id":10495,"href":"https:\/\/serveiseducatius.xtec.cat\/altmaresme\/wp-json\/wp\/v2\/posts\/10493\/revisions\/10495"}],"wp:featuredmedia":[{"embeddable":true,"href":"https:\/\/serveiseducatius.xtec.cat\/altmaresme\/wp-json\/wp\/v2\/media\/10494"}],"wp:attachment":[{"href":"https:\/\/serveiseducatius.xtec.cat\/altmaresme\/wp-json\/wp\/v2\/media?parent=10493"}],"wp:term":[{"taxonomy":"category","embeddable":true,"href":"https:\/\/serveiseducatius.xtec.cat\/altmaresme\/wp-json\/wp\/v2\/categories?post=10493"},{"taxonomy":"post_tag","embeddable":true,"href":"https:\/\/serveiseducatius.xtec.cat\/altmaresme\/wp-json\/wp\/v2\/tags?post=10493"}],"curies":[{"name":"wp","href":"https:\/\/api.w.org\/{rel}","templated":true}]}}