{"id":10487,"date":"2017-12-13T10:45:10","date_gmt":"2017-12-13T09:45:10","guid":{"rendered":"http:\/\/serveiseducatius.xtec.cat\/altmaresme\/?p=10487"},"modified":"2017-12-13T10:45:10","modified_gmt":"2017-12-13T09:45:10","slug":"mobile-learning-awards","status":"publish","type":"post","link":"https:\/\/serveiseducatius.xtec.cat\/altmaresme\/portada\/mobile-learning-awards\/","title":{"rendered":"Mobile Learning Awards"},"content":{"rendered":"<p>Ja est\u00e0 obert el per\u00edode d\u2019inscripci\u00f3 per als Mobile Learning Awards, dins del projecte <a href=\"http:\/\/mschools.mobileworldcapital.com\/ca\/\" target=\"_blank\" rel=\"noopener noreferrer\" data-saferedirecturl=\"https:\/\/www.google.com\/url?hl=ca&amp;q=http:\/\/mschools.mobileworldcapital.com\/ca\/&amp;source=gmail&amp;ust=1513243647939000&amp;usg=AFQjCNGw7RdZceCEBeC2WkCZ_ZCen4xGXQ\">mSchools<\/a>, en les seves dues modalitats de participaci\u00f3:<\/p>\n<p dir=\"ltr\"><strong>ESCOLES INNOVADORES EN L&#8217;APLICACI\u00d3 DE LES TECNOLOGIES DIGITALS<\/strong><\/p>\n<p dir=\"ltr\">La finalitat d\u2019aquesta primera modalitat \u00e9s donar a con\u00e8ixer les diferents vies d\u2019integraci\u00f3 de les tecnologies digitals a tots els centres educatius de Catalunya mitjan\u00e7ant unes propostes concretes de desenvolupament i implementaci\u00f3. Tamb\u00e9 s\u2019incorpora com a finalitat fer visibles les accions que les AMPA\/AFA duen a terme en el proc\u00e9s d&#8217;aplicaci\u00f3 de les tecnologies digitals en el seu centre educatiu. \u00c9s per aquest motiu que us demanem que feu extensiva aquesta convocat\u00f2ria a l\u2019AMPA\/AFA del vostre centre.<\/p>\n<p dir=\"ltr\"><strong>EXPERI\u00c8NCIES I PROPOSTES D&#8217;AULA AMB TECNOLOGIES M\u00d2BILS<\/strong><\/p>\n<p dir=\"ltr\">La finalitat d\u2019aquesta segona modalitat \u00e9s donar a con\u00e8ixer les millors experi\u00e8ncies i propostes d\u2019aula desenvolupades pels docents i estudiants universitaris respectivament, i que tinguin com a objectiu l\u2019\u00fas innovador de les tecnologies digitals.<\/p>\n<p dir=\"ltr\"><strong>Per\u00edode d\u2019inscripci\u00f3: des del 12 de desembre de 2017 fins a l\u201911 de febrer de 2018<\/strong><\/p>\n<p dir=\"ltr\">Podeu consultar la convocat\u00f2ria i les bases a la p\u00e0gina de <a href=\"http:\/\/xtec.gencat.cat\/ca\/centres\/alscentres\/premis\/concursos_mschools\/mobilelearningawards\/2018\/\" target=\"_blank\" rel=\"noopener noreferrer\" data-saferedirecturl=\"https:\/\/www.google.com\/url?hl=ca&amp;q=http:\/\/xtec.gencat.cat\/ca\/centres\/alscentres\/premis\/concursos_mschools\/mobilelearningawards\/2018\/&amp;source=gmail&amp;ust=1513243647940000&amp;usg=AFQjCNH0KCWABdDMgAWgJhGfgEkdmVRY4g\">Mobile Learning Awards 2018<\/a>.<\/p>\n<p><span class=\"im\">\u00a0<\/span><\/p>\n<p dir=\"ltr\">\n<p>&nbsp;<\/p>\n","protected":false},"excerpt":{"rendered":"<p>Ja est\u00e0 obert el per\u00edode d\u2019inscripci\u00f3 per als Mobile Learning Awards, dins del projecte <a href=\"http:\/\/mschools.mobileworldcapital.com\/ca\/\" target=\"_blank\" rel=\"noopener noreferrer\" data-saferedirecturl=\"https:\/\/www.google.com\/url?hl=ca&amp;q=http:\/\/mschools.mobileworldcapital.com\/ca\/&amp;source=gmail&amp;ust=1513243647939000&amp;usg=AFQjCNGw7RdZceCEBeC2WkCZ_ZCen4xGXQ\">mSchools<\/a>, en les seves dues modalitats de participaci\u00f3:<br \/>\nESCOLES INNOVADORES EN L&#8217;APLICACI\u00d3 DE LES TECNOLOGIES DIGITALS<br \/>\nLa finalitat d\u2019aquesta primera modalitat \u00e9s donar a con\u00e8ixer les diferents vies&hellip;  <a href=\"https:\/\/serveiseducatius.xtec.cat\/altmaresme\/portada\/mobile-learning-awards\/\" title=\"Read Mobile Learning Awards\">Llegeix m\u00e9s\u00bb<\/a><\/p>\n","protected":false},"author":7,"featured_media":10490,"comment_status":"open","ping_status":"closed","sticky":false,"template":"","format":"standard","meta":{"_bbp_topic_count":0,"_bbp_reply_count":0,"_bbp_total_topic_count":0,"_bbp_total_reply_count":0,"_bbp_voice_count":0,"_bbp_anonymous_reply_count":0,"_bbp_topic_count_hidden":0,"_bbp_reply_count_hidden":0,"_bbp_forum_subforum_count":0,"footnotes":""},"categories":[500,29],"tags":[],"class_list":["post-10487","post","type-post","status-publish","format-standard","has-post-thumbnail","hentry","category-culturadigital","category-portada"],"post_mailing_queue_ids":[],"_links":{"self":[{"href":"https:\/\/serveiseducatius.xtec.cat\/altmaresme\/wp-json\/wp\/v2\/posts\/10487","targetHints":{"allow":["GET"]}}],"collection":[{"href":"https:\/\/serveiseducatius.xtec.cat\/altmaresme\/wp-json\/wp\/v2\/posts"}],"about":[{"href":"https:\/\/serveiseducatius.xtec.cat\/altmaresme\/wp-json\/wp\/v2\/types\/post"}],"author":[{"embeddable":true,"href":"https:\/\/serveiseducatius.xtec.cat\/altmaresme\/wp-json\/wp\/v2\/users\/7"}],"replies":[{"embeddable":true,"href":"https:\/\/serveiseducatius.xtec.cat\/altmaresme\/wp-json\/wp\/v2\/comments?post=10487"}],"version-history":[{"count":1,"href":"https:\/\/serveiseducatius.xtec.cat\/altmaresme\/wp-json\/wp\/v2\/posts\/10487\/revisions"}],"predecessor-version":[{"id":10492,"href":"https:\/\/serveiseducatius.xtec.cat\/altmaresme\/wp-json\/wp\/v2\/posts\/10487\/revisions\/10492"}],"wp:featuredmedia":[{"embeddable":true,"href":"https:\/\/serveiseducatius.xtec.cat\/altmaresme\/wp-json\/wp\/v2\/media\/10490"}],"wp:attachment":[{"href":"https:\/\/serveiseducatius.xtec.cat\/altmaresme\/wp-json\/wp\/v2\/media?parent=10487"}],"wp:term":[{"taxonomy":"category","embeddable":true,"href":"https:\/\/serveiseducatius.xtec.cat\/altmaresme\/wp-json\/wp\/v2\/categories?post=10487"},{"taxonomy":"post_tag","embeddable":true,"href":"https:\/\/serveiseducatius.xtec.cat\/altmaresme\/wp-json\/wp\/v2\/tags?post=10487"}],"curies":[{"name":"wp","href":"https:\/\/api.w.org\/{rel}","templated":true}]}}