{"id":10253,"date":"2017-11-20T20:39:27","date_gmt":"2017-11-20T19:39:27","guid":{"rendered":"http:\/\/serveiseducatius.xtec.cat\/altmaresme\/?p=10253"},"modified":"2021-01-10T23:51:35","modified_gmt":"2021-01-10T22:51:35","slug":"aumentame2017","status":"publish","type":"post","link":"https:\/\/serveiseducatius.xtec.cat\/altmaresme\/portada\/aumentame2017\/","title":{"rendered":"#Aumentame2017"},"content":{"rendered":"<p id=\"yui_3_17_2_1_1510223490445_1505\">El proper <b id=\"yui_3_17_2_1_1510223490445_7367\">25 de novembre de 2017<\/b> s&#8217;organitza a <b id=\"yui_3_17_2_1_1510223490445_7695\">Girona<\/b> la jornada <b id=\"yui_3_17_2_1_1510223490445_7427\">#Aumentame2017 com a punt de trobada de realitat augmentada i virtual a l&#8217;educaci\u00f3. <\/b><\/p>\n<p id=\"yui_3_17_2_1_1510223490445_3384\">\u00c9s una invitaci\u00f3 adre\u00e7ada a docents creatius i innovadors de tots els nivells educatius que desitgin explorar, crear, compartir i inspirar amb les noves propostes per aprendre i ensenyar que proporcionen fascinants espais de Realitat Augmentada, Realitat Virtual i Ambients Immersius.<\/p>\n<p id=\"yui_3_17_2_1_1510223490445_7753\">Inscripcions: <a id=\"yui_3_17_2_1_1510223490445_8116\" href=\"http:\/\/aumenta.me\/inscripciones\/\" target=\"_blank\" rel=\"noopener noreferrer\">http:\/\/aumenta.me\/inscripciones\/<\/a><br id=\"yui_3_17_2_1_1510223490445_1524\" \/><br id=\"yui_3_17_2_1_1510223490445_7299\" \/><\/p>\n<p id=\"yui_3_17_2_1_1510223490445_1002\">Enlla\u00e7 al web: <a id=\"yui_3_17_2_1_1510223490445_1214\" href=\"http:\/\/aumenta.me\/\" target=\"_blank\" rel=\"noopener noreferrer\">http:\/\/aumenta.me\/<\/a><\/p>\n","protected":false},"excerpt":{"rendered":"<p>El proper 25 de novembre de 2017 s&#8217;organitza a Girona la jornada #Aumentame2017 com a punt de trobada de realitat augmentada i virtual a l&#8217;educaci\u00f3.<br \/>\n\u00c9s una invitaci\u00f3 adre\u00e7ada a docents creatius i innovadors de tots els nivells educatius que desitgin explorar, crear, compartir i&hellip;  <a href=\"https:\/\/serveiseducatius.xtec.cat\/altmaresme\/portada\/aumentame2017\/\" title=\"Read #Aumentame2017\">Llegeix m\u00e9s\u00bb<\/a><\/p>\n","protected":false},"author":7,"featured_media":10254,"comment_status":"open","ping_status":"closed","sticky":false,"template":"","format":"standard","meta":{"_bbp_topic_count":0,"_bbp_reply_count":0,"_bbp_total_topic_count":0,"_bbp_total_reply_count":0,"_bbp_voice_count":0,"_bbp_anonymous_reply_count":0,"_bbp_topic_count_hidden":0,"_bbp_reply_count_hidden":0,"_bbp_forum_subforum_count":0,"footnotes":""},"categories":[29],"tags":[],"class_list":["post-10253","post","type-post","status-publish","format-standard","has-post-thumbnail","hentry","category-portada"],"post_mailing_queue_ids":[],"_links":{"self":[{"href":"https:\/\/serveiseducatius.xtec.cat\/altmaresme\/wp-json\/wp\/v2\/posts\/10253","targetHints":{"allow":["GET"]}}],"collection":[{"href":"https:\/\/serveiseducatius.xtec.cat\/altmaresme\/wp-json\/wp\/v2\/posts"}],"about":[{"href":"https:\/\/serveiseducatius.xtec.cat\/altmaresme\/wp-json\/wp\/v2\/types\/post"}],"author":[{"embeddable":true,"href":"https:\/\/serveiseducatius.xtec.cat\/altmaresme\/wp-json\/wp\/v2\/users\/7"}],"replies":[{"embeddable":true,"href":"https:\/\/serveiseducatius.xtec.cat\/altmaresme\/wp-json\/wp\/v2\/comments?post=10253"}],"version-history":[{"count":1,"href":"https:\/\/serveiseducatius.xtec.cat\/altmaresme\/wp-json\/wp\/v2\/posts\/10253\/revisions"}],"predecessor-version":[{"id":10255,"href":"https:\/\/serveiseducatius.xtec.cat\/altmaresme\/wp-json\/wp\/v2\/posts\/10253\/revisions\/10255"}],"wp:featuredmedia":[{"embeddable":true,"href":"https:\/\/serveiseducatius.xtec.cat\/altmaresme\/wp-json\/wp\/v2\/media\/10254"}],"wp:attachment":[{"href":"https:\/\/serveiseducatius.xtec.cat\/altmaresme\/wp-json\/wp\/v2\/media?parent=10253"}],"wp:term":[{"taxonomy":"category","embeddable":true,"href":"https:\/\/serveiseducatius.xtec.cat\/altmaresme\/wp-json\/wp\/v2\/categories?post=10253"},{"taxonomy":"post_tag","embeddable":true,"href":"https:\/\/serveiseducatius.xtec.cat\/altmaresme\/wp-json\/wp\/v2\/tags?post=10253"}],"curies":[{"name":"wp","href":"https:\/\/api.w.org\/{rel}","templated":true}]}}