{"id":10251,"date":"2017-11-09T11:15:13","date_gmt":"2017-11-09T10:15:13","guid":{"rendered":"http:\/\/serveiseducatius.xtec.cat\/altmaresme\/?p=10251"},"modified":"2017-11-09T11:15:13","modified_gmt":"2017-11-09T10:15:13","slug":"espais-blaus-mes-enlla-del-popular-sol-i-platja","status":"publish","type":"post","link":"https:\/\/serveiseducatius.xtec.cat\/altmaresme\/portada\/espais-blaus-mes-enlla-del-popular-sol-i-platja\/","title":{"rendered":"Espais blaus: m\u00e9s enll\u00e0 del popular \u201csol i platja\u201d"},"content":{"rendered":"<div><\/div>\n<div><strong>Videoconfer\u00e8ncia<\/strong> en el marc de la <strong>Setmana de la Ci\u00e8ncia: La ci\u00e8ncia en primera persona.<\/strong><\/div>\n<div><\/div>\n<div>Es dur\u00e0 a terme el <b>15 de novembre de 2017<\/b>, a les 11:30 h<\/p>\n<h2><span style=\"font-size: large;\"><i>Espais blaus: m\u00e9s enll\u00e0 del popular \u201csol i platja\u201d<\/i><\/span><\/h2>\n<\/div>\n<p><b>Cristina Vert<\/b>, Llicenciada en Ci\u00e8ncies Ambientals, M\u00e0ster en Salut P\u00fablica i investigadora predoctoral en ci\u00e8ncies biom\u00e8diques a l&#8217;ISGlobal (Institut de Salut Global de Barcelona), dur\u00e0 a terme, a la seu central del Departament d&#8217;Ensenyament, una confer\u00e8ncia destinada a alumnat de 4t d&#8217;ESO i Batxillerat que <b>s\u2019emetr\u00e0 en directe per a tots els centres docents de Catalunya<\/b>.<\/p>\n<p>Teniu m\u00e9s informaci\u00f3 a <a href=\"http:\/\/xtec.gencat.cat\/ca\/centres\/celebracions\/2017\/setmana_ciencia_2017\" target=\"_blank\" rel=\"noopener noreferrer\">XTEC<\/a><\/p>\n<p>&nbsp;<\/p>\n","protected":false},"excerpt":{"rendered":"<p>Videoconfer\u00e8ncia en el marc de la Setmana de la Ci\u00e8ncia: La ci\u00e8ncia en primera persona.<\/p>\n<p>Es dur\u00e0 a terme el 15 de novembre de 2017, a les 11:30 h<br \/>\nEspais blaus: m\u00e9s enll\u00e0 del popular \u201csol i platja\u201d<\/p>\n<p>Cristina Vert, Llicenciada en Ci\u00e8ncies Ambientals, M\u00e0ster en Salut P\u00fablica&hellip;  <a href=\"https:\/\/serveiseducatius.xtec.cat\/altmaresme\/portada\/espais-blaus-mes-enlla-del-popular-sol-i-platja\/\" title=\"Read Espais blaus: m\u00e9s enll\u00e0 del popular \u201csol i platja\u201d\">Llegeix m\u00e9s\u00bb<\/a><\/p>\n","protected":false},"author":7,"featured_media":10203,"comment_status":"open","ping_status":"closed","sticky":false,"template":"","format":"standard","meta":{"_bbp_topic_count":0,"_bbp_reply_count":0,"_bbp_total_topic_count":0,"_bbp_total_reply_count":0,"_bbp_voice_count":0,"_bbp_anonymous_reply_count":0,"_bbp_topic_count_hidden":0,"_bbp_reply_count_hidden":0,"_bbp_forum_subforum_count":0,"footnotes":""},"categories":[29],"tags":[],"class_list":["post-10251","post","type-post","status-publish","format-standard","has-post-thumbnail","hentry","category-portada"],"post_mailing_queue_ids":[],"_links":{"self":[{"href":"https:\/\/serveiseducatius.xtec.cat\/altmaresme\/wp-json\/wp\/v2\/posts\/10251","targetHints":{"allow":["GET"]}}],"collection":[{"href":"https:\/\/serveiseducatius.xtec.cat\/altmaresme\/wp-json\/wp\/v2\/posts"}],"about":[{"href":"https:\/\/serveiseducatius.xtec.cat\/altmaresme\/wp-json\/wp\/v2\/types\/post"}],"author":[{"embeddable":true,"href":"https:\/\/serveiseducatius.xtec.cat\/altmaresme\/wp-json\/wp\/v2\/users\/7"}],"replies":[{"embeddable":true,"href":"https:\/\/serveiseducatius.xtec.cat\/altmaresme\/wp-json\/wp\/v2\/comments?post=10251"}],"version-history":[{"count":1,"href":"https:\/\/serveiseducatius.xtec.cat\/altmaresme\/wp-json\/wp\/v2\/posts\/10251\/revisions"}],"predecessor-version":[{"id":10252,"href":"https:\/\/serveiseducatius.xtec.cat\/altmaresme\/wp-json\/wp\/v2\/posts\/10251\/revisions\/10252"}],"wp:featuredmedia":[{"embeddable":true,"href":"https:\/\/serveiseducatius.xtec.cat\/altmaresme\/wp-json\/wp\/v2\/media\/10203"}],"wp:attachment":[{"href":"https:\/\/serveiseducatius.xtec.cat\/altmaresme\/wp-json\/wp\/v2\/media?parent=10251"}],"wp:term":[{"taxonomy":"category","embeddable":true,"href":"https:\/\/serveiseducatius.xtec.cat\/altmaresme\/wp-json\/wp\/v2\/categories?post=10251"},{"taxonomy":"post_tag","embeddable":true,"href":"https:\/\/serveiseducatius.xtec.cat\/altmaresme\/wp-json\/wp\/v2\/tags?post=10251"}],"curies":[{"name":"wp","href":"https:\/\/api.w.org\/{rel}","templated":true}]}}