{"id":10242,"date":"2017-11-09T10:33:39","date_gmt":"2017-11-09T09:33:39","guid":{"rendered":"http:\/\/serveiseducatius.xtec.cat\/altmaresme\/?p=10242"},"modified":"2017-11-21T19:51:39","modified_gmt":"2017-11-21T18:51:39","slug":"iii-premi-de-treballs-academics-consorci-besos-tordera","status":"publish","type":"post","link":"https:\/\/serveiseducatius.xtec.cat\/altmaresme\/portada\/iii-premi-de-treballs-academics-consorci-besos-tordera\/","title":{"rendered":"III Premi de Treballs Acad\u00e8mics Consorci Bes\u00f2s-Tordera"},"content":{"rendered":"<p>Aquest premi t\u00e9 per objectiu promoure i recon\u00e8ixer la feina dels estudiants de Batxillerat i de Cicles Formatius que\u00a0 hagin dedicat els seus treballs de recerca i de curs, respectivament, a l\u2019aigua com a recurs esc\u00e0s i indispensable per a la vida humana, o a les conques del Bes\u00f2s i\/o <strong>La Tordera<\/strong>, ja sigui centrant-se en les seves aig\u00fces o b\u00e9 en els entorns fluvials, com a espais recuperats on trobem fauna, flora i multitud d\u2019usos socials.<\/p>\n<p>Per a m\u00e9s informaci\u00f3 i inscripcions:<\/p>\n<p><a title=\"CARTA PRESENTACIO III PREMI TREBALLS ACAD\u00c3^MICS CRP\" href=\"https:\/\/crpvalltenes.files.wordpress.com\/2017\/11\/carta-presentacio-iii-premi-treballs-acadc3a3mics-crp.docx\" target=\"_blank\" rel=\"noopener noreferrer\">CARTA PRESENTACI\u00d3 III PREMI TREBALLS ACAD\u00c8MICS<\/a><\/p>\n<p><a title=\"BASES 3 PREMI TREBALLS ACAD\u00c8MICS + INSCRIPCI\u00d3\" href=\"https:\/\/crpvalltenes.files.wordpress.com\/2017\/11\/bases-3-premi-treballs-acadc3a8mics-inscripcic3b3.pdf\" target=\"_blank\" rel=\"noopener noreferrer\">BASES 3 PREMI TREBALLS ACAD\u00c8MICS + INSCRIPCI\u00d3<\/a><\/p>\n","protected":false},"excerpt":{"rendered":"<p>Aquest premi t\u00e9 per objectiu promoure i recon\u00e8ixer la feina dels estudiants de Batxillerat i de Cicles Formatius que\u00a0 hagin dedicat els seus treballs de recerca i de curs, respectivament, a l\u2019aigua com a recurs esc\u00e0s i indispensable per a la vida humana, o a&hellip;  <a href=\"https:\/\/serveiseducatius.xtec.cat\/altmaresme\/portada\/iii-premi-de-treballs-academics-consorci-besos-tordera\/\" title=\"Read III Premi de Treballs Acad\u00e8mics Consorci Bes\u00f2s-Tordera\">Llegeix m\u00e9s\u00bb<\/a><\/p>\n","protected":false},"author":7,"featured_media":10243,"comment_status":"open","ping_status":"closed","sticky":false,"template":"","format":"standard","meta":{"_bbp_topic_count":0,"_bbp_reply_count":0,"_bbp_total_topic_count":0,"_bbp_total_reply_count":0,"_bbp_voice_count":0,"_bbp_anonymous_reply_count":0,"_bbp_topic_count_hidden":0,"_bbp_reply_count_hidden":0,"_bbp_forum_subforum_count":0,"footnotes":""},"categories":[66,29],"tags":[],"class_list":["post-10242","post","type-post","status-publish","format-standard","has-post-thumbnail","hentry","category-docencia","category-portada"],"post_mailing_queue_ids":[],"_links":{"self":[{"href":"https:\/\/serveiseducatius.xtec.cat\/altmaresme\/wp-json\/wp\/v2\/posts\/10242","targetHints":{"allow":["GET"]}}],"collection":[{"href":"https:\/\/serveiseducatius.xtec.cat\/altmaresme\/wp-json\/wp\/v2\/posts"}],"about":[{"href":"https:\/\/serveiseducatius.xtec.cat\/altmaresme\/wp-json\/wp\/v2\/types\/post"}],"author":[{"embeddable":true,"href":"https:\/\/serveiseducatius.xtec.cat\/altmaresme\/wp-json\/wp\/v2\/users\/7"}],"replies":[{"embeddable":true,"href":"https:\/\/serveiseducatius.xtec.cat\/altmaresme\/wp-json\/wp\/v2\/comments?post=10242"}],"version-history":[{"count":1,"href":"https:\/\/serveiseducatius.xtec.cat\/altmaresme\/wp-json\/wp\/v2\/posts\/10242\/revisions"}],"predecessor-version":[{"id":10244,"href":"https:\/\/serveiseducatius.xtec.cat\/altmaresme\/wp-json\/wp\/v2\/posts\/10242\/revisions\/10244"}],"wp:featuredmedia":[{"embeddable":true,"href":"https:\/\/serveiseducatius.xtec.cat\/altmaresme\/wp-json\/wp\/v2\/media\/10243"}],"wp:attachment":[{"href":"https:\/\/serveiseducatius.xtec.cat\/altmaresme\/wp-json\/wp\/v2\/media?parent=10242"}],"wp:term":[{"taxonomy":"category","embeddable":true,"href":"https:\/\/serveiseducatius.xtec.cat\/altmaresme\/wp-json\/wp\/v2\/categories?post=10242"},{"taxonomy":"post_tag","embeddable":true,"href":"https:\/\/serveiseducatius.xtec.cat\/altmaresme\/wp-json\/wp\/v2\/tags?post=10242"}],"curies":[{"name":"wp","href":"https:\/\/api.w.org\/{rel}","templated":true}]}}