{"id":10239,"date":"2017-11-09T10:30:07","date_gmt":"2017-11-09T09:30:07","guid":{"rendered":"http:\/\/serveiseducatius.xtec.cat\/altmaresme\/?p=10239"},"modified":"2017-12-22T11:52:29","modified_gmt":"2017-12-22T10:52:29","slug":"30a-conversa-pedagogica-com-projectem-la-imatge-del-centre-en-la-xarxa","status":"publish","type":"post","link":"https:\/\/serveiseducatius.xtec.cat\/altmaresme\/portada\/30a-conversa-pedagogica-com-projectem-la-imatge-del-centre-en-la-xarxa\/","title":{"rendered":"30a conversa pedag\u00f2gica: \u201cCom projectem la imatge del centre en la xarxa?\u201d"},"content":{"rendered":"<p>Des del Departament d\u2019Ensenyament, us convidem al primer debat pedag\u00f2gic d\u2019aquest curs escolar sota el t\u00edtol\u00a0<strong>\u201c<\/strong><strong>Com projectem la imatge del centre en la xarxa\u201d.<\/strong><\/p>\n<p><em>Quan un centre educatiu t\u00e9 pres\u00e8ncia a Internet, o b\u00e9 a les xarxes socials, ja s&#8217;enfronta a la construcci\u00f3 d&#8217;una identitat digital pr\u00f2pia. Per aix\u00f2 la gesti\u00f3 de la imatge p\u00fablica dels centres no es pot deixar a l\u2019atzar, d\u2019una banda, perqu\u00e8 la imatge que projectem tamb\u00e9 afecta a l\u2019alumnat i, d\u2019altra, perqu\u00e8 \u00e9s un aspecte molt important de comunicaci\u00f3 i de confiances m\u00fatues.<\/em><\/p>\n<p><em>Per tant, cal reflexionar conjuntament i prendre decisions pel que fa a qu\u00e8, com i on divulguem? Quines apreciacions \u00e8tiques cal tenir en compte?<\/em><\/p>\n<p>Intervindran: <strong><em>Karma Peir\u00f3, <\/em><\/strong>directora del diari <em>Naci\u00f3 Digital<\/em> des del juliol de 2015; <strong><em>Ricard Roca<\/em><\/strong> <a href=\"http:\/\/agora.xtec.cat\/ceipsantjordi-massanet\/\" data-saferedirecturl=\"https:\/\/www.google.com\/url?hl=ca&amp;q=http:\/\/agora.xtec.cat\/ceipsantjordi-massanet\/&amp;source=gmail&amp;ust=1510305779940000&amp;usg=AFQjCNHANNmCk9xu7bXSN5pwdQyulA_UPA\">Escola Sant Jordi de Ma\u00e7anet de la Selva<\/a>;\u00a0 <strong><em>Paco Rico<\/em><\/strong> <a href=\"http:\/\/institutbroggi.org\/\" data-saferedirecturl=\"https:\/\/www.google.com\/url?hl=ca&amp;q=http:\/\/institutbroggi.org\/&amp;source=gmail&amp;ust=1510305779940000&amp;usg=AFQjCNEJIkWAJ6wGzc8DYpiikPsu8zQuZw\">Institut Mois\u00e8s Broggi de Barcelona<\/a><\/p>\n<p>Aquest acte tindr\u00e0 lloc el\u00a0<strong>dijous 23 de novembre a les 17.30h.<\/strong>\u00a0a la Sala d\u2019Actes del Departament d\u2019Ensenyament (<a href=\"https:\/\/maps.google.com\/?q=Av\/.+Via+Augusta,+202%29.+L&amp;entry=gmail&amp;source=g\" data-saferedirecturl=\"https:\/\/www.google.com\/url?hl=ca&amp;q=https:\/\/maps.google.com\/?q%3DAv\/.%2BVia%2BAugusta,%2B202).%2BL%26entry%3Dgmail%26source%3Dg&amp;source=gmail&amp;ust=1510305779941000&amp;usg=AFQjCNHX-XSD2PbXmuK_cbvanfxeA54QjA\">Av\/. Via Augusta, 202). L<\/a>\u2019enlla\u00e7 per a fer la inscripci\u00f3 \u00e9s el seg\u00fcent:\u00a0<a href=\"https:\/\/docs.google.com\/forms\/d\/e\/1FAIpQLSfh9JbCU0N77nG29koXfz2VBMen8Wnon7hVSf2QbO3WdcMCfg\/viewform\" data-saferedirecturl=\"https:\/\/www.google.com\/url?hl=ca&amp;q=https:\/\/docs.google.com\/forms\/d\/e\/1FAIpQLSfh9JbCU0N77nG29koXfz2VBMen8Wnon7hVSf2QbO3WdcMCfg\/viewform&amp;source=gmail&amp;ust=1510305779941000&amp;usg=AFQjCNEWX4i3EFvnQkGAFPFWGfSpvSDGzg\"><strong>FORMULARI D&#8217;INSCRIPCIONS<\/strong><\/a><strong>.<\/strong><\/p>\n<p>Tamb\u00e9 s&#8217;ofereix la connexi\u00f3 en\u00a0<a href=\"http:\/\/xtec.gencat.cat\/ca\/formacio\/converses-pedagogiques\/trentenaconversa\/\" target=\"_blank\" rel=\"noopener noreferrer\"><em>streaming<\/em>\u00a0 <\/a><\/p>\n","protected":false},"excerpt":{"rendered":"<p>Des del Departament d\u2019Ensenyament, us convidem al primer debat pedag\u00f2gic d\u2019aquest curs escolar sota el t\u00edtol\u00a0\u201cCom projectem la imatge del centre en la xarxa\u201d.<br \/>\nQuan un centre educatiu t\u00e9 pres\u00e8ncia a Internet, o b\u00e9 a les xarxes socials, ja s&#8217;enfronta a la construcci\u00f3 d&#8217;una identitat digital&hellip;  <a href=\"https:\/\/serveiseducatius.xtec.cat\/altmaresme\/portada\/30a-conversa-pedagogica-com-projectem-la-imatge-del-centre-en-la-xarxa\/\" title=\"Read 30a conversa pedag\u00f2gica: \u201cCom projectem la imatge del centre en la xarxa?\u201d\">Llegeix m\u00e9s\u00bb<\/a><\/p>\n","protected":false},"author":7,"featured_media":10240,"comment_status":"open","ping_status":"closed","sticky":false,"template":"","format":"standard","meta":{"_bbp_topic_count":0,"_bbp_reply_count":0,"_bbp_total_topic_count":0,"_bbp_total_reply_count":0,"_bbp_voice_count":0,"_bbp_anonymous_reply_count":0,"_bbp_topic_count_hidden":0,"_bbp_reply_count_hidden":0,"_bbp_forum_subforum_count":0,"footnotes":""},"categories":[29],"tags":[],"class_list":["post-10239","post","type-post","status-publish","format-standard","has-post-thumbnail","hentry","category-portada"],"post_mailing_queue_ids":[],"_links":{"self":[{"href":"https:\/\/serveiseducatius.xtec.cat\/altmaresme\/wp-json\/wp\/v2\/posts\/10239","targetHints":{"allow":["GET"]}}],"collection":[{"href":"https:\/\/serveiseducatius.xtec.cat\/altmaresme\/wp-json\/wp\/v2\/posts"}],"about":[{"href":"https:\/\/serveiseducatius.xtec.cat\/altmaresme\/wp-json\/wp\/v2\/types\/post"}],"author":[{"embeddable":true,"href":"https:\/\/serveiseducatius.xtec.cat\/altmaresme\/wp-json\/wp\/v2\/users\/7"}],"replies":[{"embeddable":true,"href":"https:\/\/serveiseducatius.xtec.cat\/altmaresme\/wp-json\/wp\/v2\/comments?post=10239"}],"version-history":[{"count":1,"href":"https:\/\/serveiseducatius.xtec.cat\/altmaresme\/wp-json\/wp\/v2\/posts\/10239\/revisions"}],"predecessor-version":[{"id":10241,"href":"https:\/\/serveiseducatius.xtec.cat\/altmaresme\/wp-json\/wp\/v2\/posts\/10239\/revisions\/10241"}],"wp:featuredmedia":[{"embeddable":true,"href":"https:\/\/serveiseducatius.xtec.cat\/altmaresme\/wp-json\/wp\/v2\/media\/10240"}],"wp:attachment":[{"href":"https:\/\/serveiseducatius.xtec.cat\/altmaresme\/wp-json\/wp\/v2\/media?parent=10239"}],"wp:term":[{"taxonomy":"category","embeddable":true,"href":"https:\/\/serveiseducatius.xtec.cat\/altmaresme\/wp-json\/wp\/v2\/categories?post=10239"},{"taxonomy":"post_tag","embeddable":true,"href":"https:\/\/serveiseducatius.xtec.cat\/altmaresme\/wp-json\/wp\/v2\/tags?post=10239"}],"curies":[{"name":"wp","href":"https:\/\/api.w.org\/{rel}","templated":true}]}}