{"id":10225,"date":"2017-10-30T15:27:13","date_gmt":"2017-10-30T14:27:13","guid":{"rendered":"http:\/\/serveiseducatius.xtec.cat\/altmaresme\/?p=10225"},"modified":"2017-10-30T15:28:36","modified_gmt":"2017-10-30T14:28:36","slug":"xxiii-concurs-el-gust-per-la-lectura","status":"publish","type":"post","link":"https:\/\/serveiseducatius.xtec.cat\/altmaresme\/general\/xxiii-concurs-el-gust-per-la-lectura\/","title":{"rendered":"XXIII  Concurs El Gust per la Lectura"},"content":{"rendered":"<p><a href=\"http:\/\/serveiseducatius.xtec.cat\/altmaresme\/wp-content\/uploads\/usu1140\/2017\/10\/Captura1.png\"><img loading=\"lazy\" decoding=\"async\" src=\"http:\/\/serveiseducatius.xtec.cat\/altmaresme\/wp-content\/uploads\/usu1140\/2017\/10\/Captura1-300x181.png\" alt=\"\" width=\"300\" height=\"181\" class=\"alignnone size-medium wp-image-10226\" srcset=\"https:\/\/serveiseducatius.xtec.cat\/altmaresme\/wp-content\/uploads\/usu1140\/2017\/10\/Captura1-300x181.png 300w, https:\/\/serveiseducatius.xtec.cat\/altmaresme\/wp-content\/uploads\/usu1140\/2017\/10\/Captura1.png 336w\" sizes=\"auto, (max-width: 300px) 100vw, 300px\" \/><\/a><\/p>\n<p>El Servei d\u2019Immersi\u00f3 i Acolliment Ling\u00fc\u00edstics convoca el XXIII Concurs El Gust per la Lectura, basat en la lectura i treball de les obres i els dossiers did\u00e0ctics corresponents. <\/p>\n<p>S&#8217;estableixen set categories (A, B, C, D, E, F i G), d\u2019acord amb els nivells educatius de l\u2019alumnat participant. En cada categoria es podr\u00e0 participar \u00fanicament en les obres i dossiers que s\u2019especifiquen. <\/p>\n<p>Consulteu <a href=\"http:\/\/xtec.gencat.cat\/web\/.content\/projectes\/lectura\/gustperlalectura\/documents\/bases_xxiii_concurs_egl_1718_MU.pdf\" target=\"_blank\">les bases del concurs<\/a><\/p>\n<p><a href=\"http:\/\/xtec.gencat.cat\/ca\/projectes\/lectura\/gustperlalectura\/concurs\/convocatoriaibases\/#\" target=\"_blank\">Enlla\u00e7 a la inscripci\u00f3<\/a>:  Del 2 de novembre al 22 de desembre<\/p>\n<p>Lliurament de treballs: Del 15 de mar\u00e7 al 7 de maig<\/p>\n","protected":false},"excerpt":{"rendered":"<p>S&#8217;estableixen set categories (A, B, C, D, E, F i G), d\u2019acord amb els nivells educatius de l\u2019alumnat participant. En cada categoria es podr\u00e0 participar \u00fanicament en les obres i dossiers que s\u2019especifiquen. <\/p>\n<p>Consulteu <a href=\"http:\/\/xtec.gencat.cat\/web\/.content\/projectes\/lectura\/gustperlalectura\/documents\/bases_xxiii_concurs_egl_1718_MU.pdf\" target=\"_blank\">les bases del concurs<\/a><\/p>\n<p><a href=\"http:\/\/xtec.gencat.cat\/ca\/projectes\/lectura\/gustperlalectura\/concurs\/convocatoriaibases\/#\" target=\"_blank\">Enlla\u00e7 a la inscripci\u00f3<\/a>:  Del 2 de novembre al 22 de desembre&hellip;  <a href=\"https:\/\/serveiseducatius.xtec.cat\/altmaresme\/general\/xxiii-concurs-el-gust-per-la-lectura\/\" title=\"Read XXIII  Concurs El Gust per la Lectura\">Llegeix m\u00e9s\u00bb<\/a><\/p>\n","protected":false},"author":6,"featured_media":10226,"comment_status":"open","ping_status":"closed","sticky":false,"template":"","format":"standard","meta":{"_bbp_topic_count":0,"_bbp_reply_count":0,"_bbp_total_topic_count":0,"_bbp_total_reply_count":0,"_bbp_voice_count":0,"_bbp_anonymous_reply_count":0,"_bbp_topic_count_hidden":0,"_bbp_reply_count_hidden":0,"_bbp_forum_subforum_count":0,"footnotes":""},"categories":[81,1,29],"tags":[],"class_list":["post-10225","post","type-post","status-publish","format-standard","has-post-thumbnail","hentry","category-biblioteca-escolar","category-general","category-portada"],"post_mailing_queue_ids":[],"_links":{"self":[{"href":"https:\/\/serveiseducatius.xtec.cat\/altmaresme\/wp-json\/wp\/v2\/posts\/10225","targetHints":{"allow":["GET"]}}],"collection":[{"href":"https:\/\/serveiseducatius.xtec.cat\/altmaresme\/wp-json\/wp\/v2\/posts"}],"about":[{"href":"https:\/\/serveiseducatius.xtec.cat\/altmaresme\/wp-json\/wp\/v2\/types\/post"}],"author":[{"embeddable":true,"href":"https:\/\/serveiseducatius.xtec.cat\/altmaresme\/wp-json\/wp\/v2\/users\/6"}],"replies":[{"embeddable":true,"href":"https:\/\/serveiseducatius.xtec.cat\/altmaresme\/wp-json\/wp\/v2\/comments?post=10225"}],"version-history":[{"count":3,"href":"https:\/\/serveiseducatius.xtec.cat\/altmaresme\/wp-json\/wp\/v2\/posts\/10225\/revisions"}],"predecessor-version":[{"id":10229,"href":"https:\/\/serveiseducatius.xtec.cat\/altmaresme\/wp-json\/wp\/v2\/posts\/10225\/revisions\/10229"}],"wp:featuredmedia":[{"embeddable":true,"href":"https:\/\/serveiseducatius.xtec.cat\/altmaresme\/wp-json\/wp\/v2\/media\/10226"}],"wp:attachment":[{"href":"https:\/\/serveiseducatius.xtec.cat\/altmaresme\/wp-json\/wp\/v2\/media?parent=10225"}],"wp:term":[{"taxonomy":"category","embeddable":true,"href":"https:\/\/serveiseducatius.xtec.cat\/altmaresme\/wp-json\/wp\/v2\/categories?post=10225"},{"taxonomy":"post_tag","embeddable":true,"href":"https:\/\/serveiseducatius.xtec.cat\/altmaresme\/wp-json\/wp\/v2\/tags?post=10225"}],"curies":[{"name":"wp","href":"https:\/\/api.w.org\/{rel}","templated":true}]}}