{"id":10222,"date":"2017-10-26T11:50:24","date_gmt":"2017-10-26T09:50:24","guid":{"rendered":"http:\/\/serveiseducatius.xtec.cat\/altmaresme\/?p=10222"},"modified":"2017-10-26T11:50:24","modified_gmt":"2017-10-26T09:50:24","slug":"formacio-stem-per-a-primaria-i-secundaria","status":"publish","type":"post","link":"https:\/\/serveiseducatius.xtec.cat\/altmaresme\/portada\/formacio-stem-per-a-primaria-i-secundaria\/","title":{"rendered":"Formaci\u00f3 STEM per a Prim\u00e0ria i Secund\u00e0ria"},"content":{"rendered":"<p>L\u2019\u00e0mbit CTEM o STEM per les seves sigles en angl\u00e8s engloba les \u00e0rees de Ci\u00e8ncies, Tecnologia, Enginyeria i Matem\u00e0tica. Essent cada vegada m\u00e9s present en els curr\u00edculums internacionals i en les pol\u00edtiques del pa\u00eds (Pla <a href=\"http:\/\/web.gencat.cat\/ca\/actualitat\/detall\/Pla-STEMcat-de-vocacions-cientifiques-i-tecnologiques\" target=\"_blank\" rel=\"noopener noreferrer\">STEMCat<\/a>), la perspectiva d\u2019integrar i refor\u00e7ar l\u2019ensenyament de les \u00e0rees cient\u00edfic-tecnol\u00f2giques es considera una eina crucial.<\/p>\n<p>Amb la idea d\u2019aprofundir en aquest camp s\u2019han dissenyat dues formacions adre\u00e7ades a professorat de Secund\u00e0ria i mestres de Prim\u00e0ria dels \u00e0mbits STEM en dos torns. Els objectius fonamentals d\u2019aquestes formacions s\u00f3n:<\/p>\n<ol>\n<li>Oferir un espai de reflexi\u00f3 sobre el perqu\u00e8, qu\u00e8 i com de l\u2019educaci\u00f3 STEM<\/li>\n<li>Destacar les caracter\u00edstiques espec\u00edfiques dels projectes de l\u2019\u00e0mbit STEM<\/li>\n<li>Referenciar la import\u00e0ncia de la introducci\u00f3 de l\u2019enginyeria i l\u2019\u00fas de les tecnologies creatives en l\u2019actual canvi de paradigma del disseny<\/li>\n<li>Actualitzar i reubicar el paper del pensament computacional en les pr\u00e0ctiques STEM<\/li>\n<li>Re-conceptualitzar la idea de ci\u00e8ncia, tecnologia i societat en base a nous marcs de refer\u00e8ncia com l\u2019RRI.<\/li>\n<\/ol>\n<p>M\u00e9s <a href=\"http:\/\/agora.xtec.cat\/cesire\/general\/formacio-stem-per-a-primaria-i-secundaria\/\" target=\"_blank\" rel=\"noopener noreferrer\">informaci\u00f3<\/a> i inscripci\u00f3 pel primer torn de la formaci\u00f3:<\/p>\n<p><strong>Prim\u00e0ria<\/strong><\/p>\n<table>\n<tbody>\n<tr>\n<td><a href=\"https:\/\/aplicacions.gestioeducativa.gencat.cat\/pls\/soloas\/pk_for_mod_ins.p_for_detall_activitat?p_header=Llista%20d%27activitats%5Epk_for_mod_ins.p_for_cons_activitats?p_tipus_act=FCTM%26p_any=2015-2016%26p_totes=S%26p_inici=1%26p_excloure_crp_rec=T&amp;p_codi=A001510500&amp;p_curs=2017-2018&amp;p_excloure_crp_rec=T\" target=\"_blank\" rel=\"noopener noreferrer\">Maresme-Vall\u00e8s Oriental<\/a><\/td>\n<td><a href=\"https:\/\/aplicacions.gestioeducativa.gencat.cat\/pls\/soloas\/pk_for_mod_ins.p_for_detall_activitat?p_header=Llista%20d%27activitats%5Epk_for_mod_ins.p_for_cons_activitats?p_tipus_act=FCTM%26p_any=2015-2016%26p_totes=S%26p_inici=1%26p_excloure_crp_rec=T&amp;p_codi=5001510500&amp;p_curs=2017-2018&amp;p_excloure_crp_rec=T\" target=\"_blank\" rel=\"noopener noreferrer\">Girona<\/a><\/td>\n<\/tr>\n<\/tbody>\n<\/table>\n<p><strong>Secund\u00e0ria<\/strong><\/p>\n<table>\n<tbody>\n<tr>\n<td><a href=\"https:\/\/aplicacions.gestioeducativa.gencat.cat\/pls\/soloas\/pk_for_mod_ins.p_for_detall_activitat?p_header=Llista%20d%27activitats%5Epk_for_mod_ins.p_for_cons_activitats?p_tipus_act=FCTM%26p_any=2015-2016%26p_totes=S%26p_inici=1%26p_excloure_crp_rec=T&amp;p_codi=B001610500&amp;p_curs=2017-2018&amp;p_excloure_crp_rec=T\" target=\"_blank\" rel=\"noopener noreferrer\">Catalunya Central<\/a><\/td>\n<td><a href=\"https:\/\/aplicacions.gestioeducativa.gencat.cat\/pls\/soloas\/pk_for_mod_ins.p_for_detall_activitat?p_header=Llista%20d%27activitats%5Epk_for_mod_ins.p_for_cons_activitats?p_tipus_act=FCTM%26p_any=2015-2016%26p_totes=S%26p_inici=1%26p_excloure_crp_rec=T&amp;p_codi=7001610500&amp;p_curs=2017-2018&amp;p_excloure_crp_rec=T\" target=\"_blank\" rel=\"noopener noreferrer\">Tarragona<\/a><\/td>\n<\/tr>\n<\/tbody>\n<\/table>\n<p>El segon torn de la formaci\u00f3 s\u2019iniciar\u00e0 el proper mes de febrer.<\/p>\n","protected":false},"excerpt":{"rendered":"<p>L\u2019\u00e0mbit CTEM o STEM per les seves sigles en angl\u00e8s engloba les \u00e0rees de Ci\u00e8ncies, Tecnologia, Enginyeria i Matem\u00e0tica. Essent cada vegada m\u00e9s present en els curr\u00edculums internacionals i en les pol\u00edtiques del pa\u00eds (Pla <a href=\"http:\/\/web.gencat.cat\/ca\/actualitat\/detall\/Pla-STEMcat-de-vocacions-cientifiques-i-tecnologiques\" target=\"_blank\" rel=\"noopener noreferrer\">STEMCat<\/a>), la perspectiva d\u2019integrar i refor\u00e7ar&hellip;  <a href=\"https:\/\/serveiseducatius.xtec.cat\/altmaresme\/portada\/formacio-stem-per-a-primaria-i-secundaria\/\" title=\"Read Formaci\u00f3 STEM per a Prim\u00e0ria i Secund\u00e0ria\">Llegeix m\u00e9s\u00bb<\/a><\/p>\n","protected":false},"author":7,"featured_media":10223,"comment_status":"open","ping_status":"closed","sticky":false,"template":"","format":"standard","meta":{"_bbp_topic_count":0,"_bbp_reply_count":0,"_bbp_total_topic_count":0,"_bbp_total_reply_count":0,"_bbp_voice_count":0,"_bbp_anonymous_reply_count":0,"_bbp_topic_count_hidden":0,"_bbp_reply_count_hidden":0,"_bbp_forum_subforum_count":0,"footnotes":""},"categories":[500,29],"tags":[],"class_list":["post-10222","post","type-post","status-publish","format-standard","has-post-thumbnail","hentry","category-culturadigital","category-portada"],"post_mailing_queue_ids":[],"_links":{"self":[{"href":"https:\/\/serveiseducatius.xtec.cat\/altmaresme\/wp-json\/wp\/v2\/posts\/10222","targetHints":{"allow":["GET"]}}],"collection":[{"href":"https:\/\/serveiseducatius.xtec.cat\/altmaresme\/wp-json\/wp\/v2\/posts"}],"about":[{"href":"https:\/\/serveiseducatius.xtec.cat\/altmaresme\/wp-json\/wp\/v2\/types\/post"}],"author":[{"embeddable":true,"href":"https:\/\/serveiseducatius.xtec.cat\/altmaresme\/wp-json\/wp\/v2\/users\/7"}],"replies":[{"embeddable":true,"href":"https:\/\/serveiseducatius.xtec.cat\/altmaresme\/wp-json\/wp\/v2\/comments?post=10222"}],"version-history":[{"count":1,"href":"https:\/\/serveiseducatius.xtec.cat\/altmaresme\/wp-json\/wp\/v2\/posts\/10222\/revisions"}],"predecessor-version":[{"id":10224,"href":"https:\/\/serveiseducatius.xtec.cat\/altmaresme\/wp-json\/wp\/v2\/posts\/10222\/revisions\/10224"}],"wp:featuredmedia":[{"embeddable":true,"href":"https:\/\/serveiseducatius.xtec.cat\/altmaresme\/wp-json\/wp\/v2\/media\/10223"}],"wp:attachment":[{"href":"https:\/\/serveiseducatius.xtec.cat\/altmaresme\/wp-json\/wp\/v2\/media?parent=10222"}],"wp:term":[{"taxonomy":"category","embeddable":true,"href":"https:\/\/serveiseducatius.xtec.cat\/altmaresme\/wp-json\/wp\/v2\/categories?post=10222"},{"taxonomy":"post_tag","embeddable":true,"href":"https:\/\/serveiseducatius.xtec.cat\/altmaresme\/wp-json\/wp\/v2\/tags?post=10222"}],"curies":[{"name":"wp","href":"https:\/\/api.w.org\/{rel}","templated":true}]}}