{"id":10207,"date":"2017-10-26T09:55:53","date_gmt":"2017-10-26T07:55:53","guid":{"rendered":"http:\/\/serveiseducatius.xtec.cat\/altmaresme\/?p=10207"},"modified":"2017-10-26T09:55:53","modified_gmt":"2017-10-26T07:55:53","slug":"ix-setmana-europea-de-la-prevencio-de-residus","status":"publish","type":"post","link":"https:\/\/serveiseducatius.xtec.cat\/altmaresme\/general\/ix-setmana-europea-de-la-prevencio-de-residus\/","title":{"rendered":"IX Setmana Europea de la Prevenci\u00f3 de Residus"},"content":{"rendered":"<p><a href=\"http:\/\/serveiseducatius.xtec.cat\/altmaresme\/wp-content\/uploads\/usu1140\/2017\/10\/imatge-residus.jpg\"><img loading=\"lazy\" decoding=\"async\" src=\"http:\/\/serveiseducatius.xtec.cat\/altmaresme\/wp-content\/uploads\/usu1140\/2017\/10\/imatge-residus-300x110.jpg\" alt=\"\" width=\"300\" height=\"110\" class=\"alignnone size-medium wp-image-10209\" srcset=\"https:\/\/serveiseducatius.xtec.cat\/altmaresme\/wp-content\/uploads\/usu1140\/2017\/10\/imatge-residus-300x110.jpg 300w, https:\/\/serveiseducatius.xtec.cat\/altmaresme\/wp-content\/uploads\/usu1140\/2017\/10\/imatge-residus.jpg 371w\" sizes=\"auto, (max-width: 300px) 100vw, 300px\" \/><\/a><\/p>\n<p>El Departament de Prevenci\u00f3 de l&#8217;Ag\u00e8ncia Catalana de Residus organitza la IX Setmana Europea de la Prevenci\u00f3 de Residus 2017<\/p>\n<p>L&#8217;objectiu \u00e9s organitzar durant una mateixa setmana i arreu d&#8217;Europa, accions de sensibilitzaci\u00f3 sobre la prevenci\u00f3 de residus.<\/p>\n<p>Enguany la Setmana se celebrar\u00e0 del 18 al 26 de novembre de 2017.<\/p>\n<p><a href=\"http:\/\/sdr.arc.cat\/prevencio\/GetLoginPrevencio.do\" target=\"_blank\">Inscripci\u00f3<\/a>  fins el 4 de novembre.<\/p>\n<p><a href=\"http:\/\/residus.gencat.cat\/ca\/ambits_dactuacio\/prevencio\/setmana_europea\/\" target=\"_blank\">M\u00e9s informaci\u00f3 a la web Ag\u00e8ncia de Residus de Catalunya. <\/a> <\/p>\n<p>Video promocional:<br \/>\n<iframe loading=\"lazy\" width=\"560\" height=\"315\" src=\"https:\/\/www.youtube.com\/embed\/vzgKCBos2GY\" frameborder=\"0\" gesture=\"media\" allowfullscreen><\/iframe><\/p>\n","protected":false},"excerpt":{"rendered":"<p><a href=\"http:\/\/serveiseducatius.xtec.cat\/altmaresme\/wp-content\/uploads\/usu1140\/2017\/10\/imatge-residus.jpg\"><img loading=\"lazy\" decoding=\"async\" src=\"http:\/\/serveiseducatius.xtec.cat\/altmaresme\/wp-content\/uploads\/usu1140\/2017\/10\/imatge-residus-300x110.jpg\" alt=\"\" width=\"300\" height=\"110\" class=\"alignnone size-medium wp-image-10209\" srcset=\"https:\/\/serveiseducatius.xtec.cat\/altmaresme\/wp-content\/uploads\/usu1140\/2017\/10\/imatge-residus-300x110.jpg 300w, https:\/\/serveiseducatius.xtec.cat\/altmaresme\/wp-content\/uploads\/usu1140\/2017\/10\/imatge-residus.jpg 371w\" sizes=\"auto, (max-width: 300px) 100vw, 300px\" \/><\/a><br \/>\nL&#8217;objectiu \u00e9s organitzar durant una mateixa setmana i arreu d&#8217;Europa, accions de sensibilitzaci\u00f3 sobre la prevenci\u00f3 de residus.<\/p>\n<p>Enguany la Setmana se celebrar\u00e0 del 18 al 26 de novembre de 2017.<\/p>\n<p><a href=\"http:\/\/sdr.arc.cat\/prevencio\/GetLoginPrevencio.do\" target=\"_blank\">Inscripci\u00f3<\/a> fins el 4 de novembre.&hellip;  <a href=\"https:\/\/serveiseducatius.xtec.cat\/altmaresme\/general\/ix-setmana-europea-de-la-prevencio-de-residus\/\" title=\"Read IX Setmana Europea de la Prevenci\u00f3 de Residus\">Llegeix m\u00e9s\u00bb<\/a><\/p>\n","protected":false},"author":6,"featured_media":0,"comment_status":"open","ping_status":"closed","sticky":false,"template":"","format":"standard","meta":{"_bbp_topic_count":0,"_bbp_reply_count":0,"_bbp_total_topic_count":0,"_bbp_total_reply_count":0,"_bbp_voice_count":0,"_bbp_anonymous_reply_count":0,"_bbp_topic_count_hidden":0,"_bbp_reply_count_hidden":0,"_bbp_forum_subforum_count":0,"footnotes":""},"categories":[279,1,29],"tags":[],"class_list":["post-10207","post","type-post","status-publish","format-standard","hentry","category-sostenibilitat","category-general","category-portada"],"post_mailing_queue_ids":[],"_links":{"self":[{"href":"https:\/\/serveiseducatius.xtec.cat\/altmaresme\/wp-json\/wp\/v2\/posts\/10207","targetHints":{"allow":["GET"]}}],"collection":[{"href":"https:\/\/serveiseducatius.xtec.cat\/altmaresme\/wp-json\/wp\/v2\/posts"}],"about":[{"href":"https:\/\/serveiseducatius.xtec.cat\/altmaresme\/wp-json\/wp\/v2\/types\/post"}],"author":[{"embeddable":true,"href":"https:\/\/serveiseducatius.xtec.cat\/altmaresme\/wp-json\/wp\/v2\/users\/6"}],"replies":[{"embeddable":true,"href":"https:\/\/serveiseducatius.xtec.cat\/altmaresme\/wp-json\/wp\/v2\/comments?post=10207"}],"version-history":[{"count":3,"href":"https:\/\/serveiseducatius.xtec.cat\/altmaresme\/wp-json\/wp\/v2\/posts\/10207\/revisions"}],"predecessor-version":[{"id":10211,"href":"https:\/\/serveiseducatius.xtec.cat\/altmaresme\/wp-json\/wp\/v2\/posts\/10207\/revisions\/10211"}],"wp:attachment":[{"href":"https:\/\/serveiseducatius.xtec.cat\/altmaresme\/wp-json\/wp\/v2\/media?parent=10207"}],"wp:term":[{"taxonomy":"category","embeddable":true,"href":"https:\/\/serveiseducatius.xtec.cat\/altmaresme\/wp-json\/wp\/v2\/categories?post=10207"},{"taxonomy":"post_tag","embeddable":true,"href":"https:\/\/serveiseducatius.xtec.cat\/altmaresme\/wp-json\/wp\/v2\/tags?post=10207"}],"curies":[{"name":"wp","href":"https:\/\/api.w.org\/{rel}","templated":true}]}}