{"id":10202,"date":"2017-10-20T12:28:44","date_gmt":"2017-10-20T10:28:44","guid":{"rendered":"http:\/\/serveiseducatius.xtec.cat\/altmaresme\/?p=10202"},"modified":"2017-10-20T12:30:25","modified_gmt":"2017-10-20T10:30:25","slug":"ciencia-en-primera-persona-3","status":"publish","type":"post","link":"https:\/\/serveiseducatius.xtec.cat\/altmaresme\/general\/ciencia-en-primera-persona-3\/","title":{"rendered":"Ci\u00e8ncia en primera persona"},"content":{"rendered":"<p><a href=\"http:\/\/serveiseducatius.xtec.cat\/altmaresme\/wp-content\/uploads\/usu1140\/2017\/10\/17setmanaciencia.jpg\"><img loading=\"lazy\" decoding=\"async\" class=\"wp-image-10203 aligncenter\" src=\"http:\/\/serveiseducatius.xtec.cat\/altmaresme\/wp-content\/uploads\/usu1140\/2017\/10\/17setmanaciencia.jpg\" alt=\"\" width=\"268\" height=\"255\" srcset=\"https:\/\/serveiseducatius.xtec.cat\/altmaresme\/wp-content\/uploads\/usu1140\/2017\/10\/17setmanaciencia.jpg 733w, https:\/\/serveiseducatius.xtec.cat\/altmaresme\/wp-content\/uploads\/usu1140\/2017\/10\/17setmanaciencia-300x285.jpg 300w\" sizes=\"auto, (max-width: 268px) 100vw, 268px\" \/><\/a>En el marc de les activitats de La\u00a0ci\u00e8ncia\u00a0en\u00a0primera\u00a0persona, en col\u00b7laboraci\u00f3 amb la Fundaci\u00f3 Catalana\u00a0 per la Recerca i La Innovaci\u00f3 (FCRI) es duran a terme dues confer\u00e8ncies el 15 de novembre.<\/p>\n<ul>\n<li>&#8220;Robots assistencials, robots que ens ajudaran&#8221;\u00a0a c\u00e0rrec de Guillem Aleny\u00e0. Arenys de Mar<\/li>\n<li>&#8220;Un viatge a l&#8217;Ant\u00e0rtida&#8221; a c\u00e0rrec de Clara Cardel\u00fas. Malgrat de Mar<\/li>\n<\/ul>\n<p style=\"text-align: center;\"><strong>Confer\u00e8ncies dirigides a l&#8217;alumnat de 4t d&#8217;ESO i batxillerat\u00a0<\/strong><\/p>\n<p>Si us interessa venir amb l&#8217;alumnat\u00a0<b>cal que feu la inscripci\u00f3<\/b>\u00a0abans del 25 d&#8217;octubre<\/p>\n<p>Per a m\u00e9s\u00a0informaci\u00f3\u00a0contacteu amb el\u00a0CRP del Maresme II de Pineda de Mar via tel\u00e8fon (937625004)<\/p>\n","protected":false},"excerpt":{"rendered":"<p>Confer\u00e8ncies dirigides a l&#8217;alumnat de 4t d&#8217;ESO i batxillerat:<\/p>\n<p>&#8211; &#8220;Robots assistencials, robots que ens ajudaran&#8221;<br \/>\n&#8211; &#8220;Un viatge a l&#8217;Ant\u00e0rtida&#8221;&hellip;  <a href=\"https:\/\/serveiseducatius.xtec.cat\/altmaresme\/general\/ciencia-en-primera-persona-3\/\" title=\"Read Ci\u00e8ncia en primera persona\">Llegeix m\u00e9s\u00bb<\/a><\/p>\n","protected":false},"author":44,"featured_media":10203,"comment_status":"open","ping_status":"closed","sticky":false,"template":"","format":"standard","meta":{"_bbp_topic_count":0,"_bbp_reply_count":0,"_bbp_total_topic_count":0,"_bbp_total_reply_count":0,"_bbp_voice_count":0,"_bbp_anonymous_reply_count":0,"_bbp_topic_count_hidden":0,"_bbp_reply_count_hidden":0,"_bbp_forum_subforum_count":0,"footnotes":""},"categories":[1,29],"tags":[],"class_list":["post-10202","post","type-post","status-publish","format-standard","has-post-thumbnail","hentry","category-general","category-portada"],"post_mailing_queue_ids":[],"_links":{"self":[{"href":"https:\/\/serveiseducatius.xtec.cat\/altmaresme\/wp-json\/wp\/v2\/posts\/10202","targetHints":{"allow":["GET"]}}],"collection":[{"href":"https:\/\/serveiseducatius.xtec.cat\/altmaresme\/wp-json\/wp\/v2\/posts"}],"about":[{"href":"https:\/\/serveiseducatius.xtec.cat\/altmaresme\/wp-json\/wp\/v2\/types\/post"}],"author":[{"embeddable":true,"href":"https:\/\/serveiseducatius.xtec.cat\/altmaresme\/wp-json\/wp\/v2\/users\/44"}],"replies":[{"embeddable":true,"href":"https:\/\/serveiseducatius.xtec.cat\/altmaresme\/wp-json\/wp\/v2\/comments?post=10202"}],"version-history":[{"count":3,"href":"https:\/\/serveiseducatius.xtec.cat\/altmaresme\/wp-json\/wp\/v2\/posts\/10202\/revisions"}],"predecessor-version":[{"id":10206,"href":"https:\/\/serveiseducatius.xtec.cat\/altmaresme\/wp-json\/wp\/v2\/posts\/10202\/revisions\/10206"}],"wp:featuredmedia":[{"embeddable":true,"href":"https:\/\/serveiseducatius.xtec.cat\/altmaresme\/wp-json\/wp\/v2\/media\/10203"}],"wp:attachment":[{"href":"https:\/\/serveiseducatius.xtec.cat\/altmaresme\/wp-json\/wp\/v2\/media?parent=10202"}],"wp:term":[{"taxonomy":"category","embeddable":true,"href":"https:\/\/serveiseducatius.xtec.cat\/altmaresme\/wp-json\/wp\/v2\/categories?post=10202"},{"taxonomy":"post_tag","embeddable":true,"href":"https:\/\/serveiseducatius.xtec.cat\/altmaresme\/wp-json\/wp\/v2\/tags?post=10202"}],"curies":[{"name":"wp","href":"https:\/\/api.w.org\/{rel}","templated":true}]}}