{"id":10189,"date":"2017-10-16T12:09:21","date_gmt":"2017-10-16T10:09:21","guid":{"rendered":"http:\/\/serveiseducatius.xtec.cat\/altmaresme\/?p=10189"},"modified":"2017-10-16T12:20:56","modified_gmt":"2017-10-16T10:20:56","slug":"fundacio-palau-projecte-pedagogic-per-a-centres-educatius","status":"publish","type":"post","link":"https:\/\/serveiseducatius.xtec.cat\/altmaresme\/portada\/fundacio-palau-projecte-pedagogic-per-a-centres-educatius\/","title":{"rendered":"Fundaci\u00f3 Palau. Projecte pedag\u00f2gic per a centres educatius"},"content":{"rendered":"<p>Des de la <strong>Fundaci\u00f3 Palau de Caldes d\u2019Estrac<\/strong> han elaborat un <strong>nou projecte pedag\u00f2gic<\/strong> pels p\u00fablics escolars des <strong>d&#8217;infantil fins a batxillerat.<\/strong><\/p>\n<p>Ofereixen activitats i tallers adre\u00e7ats als alumnes. Compartim les fitxes on trobareu m\u00e9s informaci\u00f3 al respecte.<\/p>\n<p><a href=\"http:\/\/serveiseducatius.xtec.cat\/altmaresme\/wp-content\/uploads\/usu1140\/2017\/10\/VT_COLLAGE.pdf\">VT_COLLAGE<\/a><\/p>\n<p><a href=\"http:\/\/serveiseducatius.xtec.cat\/altmaresme\/wp-content\/uploads\/usu1140\/2017\/10\/VD_FUNDACIOPALAU.pdf\">VD_FUNDACIOPALAU<\/a><\/p>\n<p><a href=\"http:\/\/serveiseducatius.xtec.cat\/altmaresme\/wp-content\/uploads\/usu1140\/2017\/10\/VT_TITELLES.pdf\">VT_TITELLES<\/a><\/p>\n<p><a href=\"http:\/\/serveiseducatius.xtec.cat\/altmaresme\/wp-content\/uploads\/usu1140\/2017\/10\/VT_RETRATS.pdf\">VT_RETRATS<\/a><\/p>\n<p><a href=\"http:\/\/serveiseducatius.xtec.cat\/altmaresme\/wp-content\/uploads\/usu1140\/2017\/10\/VT_REINVENTEM-OBJECTES.pdf\">VT_REINVENTEM OBJECTES<\/a><\/p>\n<p><a href=\"https:\/\/www.fundaciopalau.cat\/\" data-saferedirecturl=\"https:\/\/www.google.com\/url?hl=ca&amp;q=https:\/\/www.fundaciopalau.cat\/&amp;source=gmail&amp;ust=1508226909341000&amp;usg=AFQjCNFqhCkXtTlMFRwzPmKqUqYOK2FCvw\">https:\/\/www.fundaciopalau.cat\/<\/a><\/p>\n","protected":false},"excerpt":{"rendered":"<p>Des de la Fundaci\u00f3 Palau de Caldes d\u2019Estrac han elaborat un nou projecte pedag\u00f2gic pels p\u00fablics escolars des d&#8217;infantil fins a batxillerat.<br \/>\nOfereixen activitats i tallers adre\u00e7ats als alumnes. Compartim les fitxes on trobareu m\u00e9s informaci\u00f3 al respecte.<br \/>\n<a href=\"http:\/\/serveiseducatius.xtec.cat\/altmaresme\/wp-content\/uploads\/usu1140\/2017\/10\/VT_COLLAGE.pdf\">VT_COLLAGE<\/a><br \/>\n<a href=\"http:\/\/serveiseducatius.xtec.cat\/altmaresme\/wp-content\/uploads\/usu1140\/2017\/10\/VD_FUNDACIOPALAU.pdf\">VD_FUNDACIOPALAU<\/a><br \/>\n<a href=\"http:\/\/serveiseducatius.xtec.cat\/altmaresme\/wp-content\/uploads\/usu1140\/2017\/10\/VT_TITELLES.pdf\">VT_TITELLES<\/a><br \/>\n<a href=\"http:\/\/serveiseducatius.xtec.cat\/altmaresme\/wp-content\/uploads\/usu1140\/2017\/10\/VT_RETRATS.pdf\">VT_RETRATS<\/a><br \/>\n<a href=\"http:\/\/serveiseducatius.xtec.cat\/altmaresme\/wp-content\/uploads\/usu1140\/2017\/10\/VT_REINVENTEM-OBJECTES.pdf\">VT_REINVENTEM OBJECTES<\/a><br \/>\n<a href=\"https:\/\/www.fundaciopalau.cat\/\" data-saferedirecturl=\"https:\/\/www.google.com\/url?hl=ca&amp;q=https:\/\/www.fundaciopalau.cat\/&amp;source=gmail&amp;ust=1508226909341000&amp;usg=AFQjCNFqhCkXtTlMFRwzPmKqUqYOK2FCvw\">https:\/\/www.fundaciopalau.cat\/<\/a><\/p>\n","protected":false},"author":7,"featured_media":10195,"comment_status":"open","ping_status":"closed","sticky":false,"template":"","format":"standard","meta":{"_bbp_topic_count":0,"_bbp_reply_count":0,"_bbp_total_topic_count":0,"_bbp_total_reply_count":0,"_bbp_voice_count":0,"_bbp_anonymous_reply_count":0,"_bbp_topic_count_hidden":0,"_bbp_reply_count_hidden":0,"_bbp_forum_subforum_count":0,"footnotes":""},"categories":[29],"tags":[],"class_list":["post-10189","post","type-post","status-publish","format-standard","has-post-thumbnail","hentry","category-portada"],"post_mailing_queue_ids":[],"_links":{"self":[{"href":"https:\/\/serveiseducatius.xtec.cat\/altmaresme\/wp-json\/wp\/v2\/posts\/10189","targetHints":{"allow":["GET"]}}],"collection":[{"href":"https:\/\/serveiseducatius.xtec.cat\/altmaresme\/wp-json\/wp\/v2\/posts"}],"about":[{"href":"https:\/\/serveiseducatius.xtec.cat\/altmaresme\/wp-json\/wp\/v2\/types\/post"}],"author":[{"embeddable":true,"href":"https:\/\/serveiseducatius.xtec.cat\/altmaresme\/wp-json\/wp\/v2\/users\/7"}],"replies":[{"embeddable":true,"href":"https:\/\/serveiseducatius.xtec.cat\/altmaresme\/wp-json\/wp\/v2\/comments?post=10189"}],"version-history":[{"count":1,"href":"https:\/\/serveiseducatius.xtec.cat\/altmaresme\/wp-json\/wp\/v2\/posts\/10189\/revisions"}],"predecessor-version":[{"id":10196,"href":"https:\/\/serveiseducatius.xtec.cat\/altmaresme\/wp-json\/wp\/v2\/posts\/10189\/revisions\/10196"}],"wp:featuredmedia":[{"embeddable":true,"href":"https:\/\/serveiseducatius.xtec.cat\/altmaresme\/wp-json\/wp\/v2\/media\/10195"}],"wp:attachment":[{"href":"https:\/\/serveiseducatius.xtec.cat\/altmaresme\/wp-json\/wp\/v2\/media?parent=10189"}],"wp:term":[{"taxonomy":"category","embeddable":true,"href":"https:\/\/serveiseducatius.xtec.cat\/altmaresme\/wp-json\/wp\/v2\/categories?post=10189"},{"taxonomy":"post_tag","embeddable":true,"href":"https:\/\/serveiseducatius.xtec.cat\/altmaresme\/wp-json\/wp\/v2\/tags?post=10189"}],"curies":[{"name":"wp","href":"https:\/\/api.w.org\/{rel}","templated":true}]}}