{"id":10186,"date":"2017-10-16T11:13:48","date_gmt":"2017-10-16T09:13:48","guid":{"rendered":"http:\/\/serveiseducatius.xtec.cat\/altmaresme\/?p=10186"},"modified":"2017-12-22T11:05:26","modified_gmt":"2017-12-22T10:05:26","slug":"2a-edicio-edu-hack","status":"publish","type":"post","link":"https:\/\/serveiseducatius.xtec.cat\/altmaresme\/portada\/2a-edicio-edu-hack\/","title":{"rendered":"2a edici\u00f3 Edu-Hack"},"content":{"rendered":"<p dir=\"ltr\"><span style=\"font-size: small;\"><strong>EduHack<\/strong> \u00e9s una iniciativa del <strong>programa mSchools<\/strong> per connectar, inspirar i oferir les eines als directors i docents d\u2019avui per a dissenyar nous models d\u2019ensenyament i aprenentatge incorporant la tecnologia digital. Basat en els principis del <strong>design thinking<\/strong> aplicats a les compet\u00e8ncies i oportunitats del segle XXI, l\u2019objectiu \u00e9s plantejar reptes i desenvolupar solucions de forma creativa i col\u00b7laborativa. <\/span><\/p>\n<p dir=\"ltr\"><span style=\"font-size: small;\">Encetem ara la segona edici\u00f3 de l\u2019EduHack. Et convidem a participar-hi. Trobar\u00e0s m\u00e9s informaci\u00f3 a la plataforma<a href=\"http:\/\/projectes.xtec.cat\/eduhack\/\" target=\"_blank\" rel=\"noopener noreferrer\" data-saferedirecturl=\"https:\/\/www.google.com\/url?hl=ca&amp;q=http:\/\/projectes.xtec.cat\/eduhack\/&amp;source=gmail&amp;ust=1508227714739000&amp;usg=AFQjCNEOc2UFB5ZsCQTKk6DxsLbqo_OmEg\"> de l\u2019EduHack<\/a>. Pots accedir a la p\u00e0gina per <a href=\"http:\/\/projectes.xtec.cat\/eduhack\/vull-participar\/\" target=\"_blank\" rel=\"noopener noreferrer\" data-saferedirecturl=\"https:\/\/www.google.com\/url?hl=ca&amp;q=http:\/\/projectes.xtec.cat\/eduhack\/vull-participar\/&amp;source=gmail&amp;ust=1508227714739000&amp;usg=AFQjCNHPZyM6iNguPh_73i-Iwhx_-IoQWg\">sol\u00b7licitar la inscripci\u00f3<\/a> del <strong>9 al 29 d\u2019octubre de 2017<\/strong>.<a href=\"http:\/\/serveiseducatius.xtec.cat\/altmaresme\/wp-content\/uploads\/usu1140\/2017\/10\/Mschools.jpg\"><img loading=\"lazy\" decoding=\"async\" class=\"size-thumbnail wp-image-10187 alignright\" src=\"http:\/\/serveiseducatius.xtec.cat\/altmaresme\/wp-content\/uploads\/usu1140\/2017\/10\/Mschools-150x150.jpg\" alt=\"\" width=\"150\" height=\"150\" \/><\/a><br \/>\n<\/span><\/p>\n<p dir=\"ltr\"><span style=\"font-size: small;\">Aquest programa \u00e9s obert a docents, futurs docents i experts del m\u00f3n educatiu i industrial de tot Catalunya, aix\u00ed que no dubtis en fer-ne difusi\u00f3 a tothom qui consideris adient!<\/span><\/p>\n<p>&nbsp;<\/p>\n","protected":false},"excerpt":{"rendered":"<p>EduHack \u00e9s una iniciativa del programa mSchools per connectar, inspirar i oferir les eines als directors i docents d\u2019avui per a dissenyar nous models d\u2019ensenyament i aprenentatge incorporant la tecnologia digital. Basat en els principis del design thinking aplicats a les compet\u00e8ncies i oportunitats del&hellip;  <a href=\"https:\/\/serveiseducatius.xtec.cat\/altmaresme\/portada\/2a-edicio-edu-hack\/\" title=\"Read 2a edici\u00f3 Edu-Hack\">Llegeix m\u00e9s\u00bb<\/a><\/p>\n","protected":false},"author":7,"featured_media":10187,"comment_status":"open","ping_status":"closed","sticky":false,"template":"","format":"standard","meta":{"_bbp_topic_count":0,"_bbp_reply_count":0,"_bbp_total_topic_count":0,"_bbp_total_reply_count":0,"_bbp_voice_count":0,"_bbp_anonymous_reply_count":0,"_bbp_topic_count_hidden":0,"_bbp_reply_count_hidden":0,"_bbp_forum_subforum_count":0,"footnotes":""},"categories":[500,29],"tags":[],"class_list":["post-10186","post","type-post","status-publish","format-standard","has-post-thumbnail","hentry","category-culturadigital","category-portada"],"post_mailing_queue_ids":[],"_links":{"self":[{"href":"https:\/\/serveiseducatius.xtec.cat\/altmaresme\/wp-json\/wp\/v2\/posts\/10186","targetHints":{"allow":["GET"]}}],"collection":[{"href":"https:\/\/serveiseducatius.xtec.cat\/altmaresme\/wp-json\/wp\/v2\/posts"}],"about":[{"href":"https:\/\/serveiseducatius.xtec.cat\/altmaresme\/wp-json\/wp\/v2\/types\/post"}],"author":[{"embeddable":true,"href":"https:\/\/serveiseducatius.xtec.cat\/altmaresme\/wp-json\/wp\/v2\/users\/7"}],"replies":[{"embeddable":true,"href":"https:\/\/serveiseducatius.xtec.cat\/altmaresme\/wp-json\/wp\/v2\/comments?post=10186"}],"version-history":[{"count":1,"href":"https:\/\/serveiseducatius.xtec.cat\/altmaresme\/wp-json\/wp\/v2\/posts\/10186\/revisions"}],"predecessor-version":[{"id":10188,"href":"https:\/\/serveiseducatius.xtec.cat\/altmaresme\/wp-json\/wp\/v2\/posts\/10186\/revisions\/10188"}],"wp:featuredmedia":[{"embeddable":true,"href":"https:\/\/serveiseducatius.xtec.cat\/altmaresme\/wp-json\/wp\/v2\/media\/10187"}],"wp:attachment":[{"href":"https:\/\/serveiseducatius.xtec.cat\/altmaresme\/wp-json\/wp\/v2\/media?parent=10186"}],"wp:term":[{"taxonomy":"category","embeddable":true,"href":"https:\/\/serveiseducatius.xtec.cat\/altmaresme\/wp-json\/wp\/v2\/categories?post=10186"},{"taxonomy":"post_tag","embeddable":true,"href":"https:\/\/serveiseducatius.xtec.cat\/altmaresme\/wp-json\/wp\/v2\/tags?post=10186"}],"curies":[{"name":"wp","href":"https:\/\/api.w.org\/{rel}","templated":true}]}}