{"id":10184,"date":"2017-10-10T14:24:00","date_gmt":"2017-10-10T12:24:00","guid":{"rendered":"http:\/\/serveiseducatius.xtec.cat\/altmaresme\/?p=10184"},"modified":"2017-12-22T10:04:29","modified_gmt":"2017-12-22T09:04:29","slug":"i-jornada-de-practiques-destudiants-universitaris","status":"publish","type":"post","link":"https:\/\/serveiseducatius.xtec.cat\/altmaresme\/portada\/i-jornada-de-practiques-destudiants-universitaris\/","title":{"rendered":"I jornada de pr\u00e0ctiques d&#8217;estudiants universitaris"},"content":{"rendered":"<h4 style=\"text-align: center;\">El centre formador, un mirall per als futurs docents<\/h4>\n<p style=\"text-align: center;\"><strong>Dissabte 4 de novembre,<\/strong> de 9.00h a 14.00h<\/p>\n<p style=\"text-align: center;\">se celebrar\u00e0 a l&#8217;Auditori de la Facultat de Lletres de la Universitat Aut\u00f2noma de Barcelona<\/p>\n<p style=\"text-align: center;\">L&#8217;esdeveniment s&#8217;adre\u00e7a a <strong>directors, coordinadors, tutors de pr\u00e0ctiques de centres d&#8217;educaci\u00f3 infantil, prim\u00e0ria, secund\u00e0ria, formaci\u00f3 professional, formaci\u00f3 d&#8217;adults i universitats<\/strong>.<\/p>\n<p style=\"text-align: center;\"><a href=\"https:\/\/sites.google.com\/xtec.cat\/primerajornadadepractiques2017\" target=\"_blank\" rel=\"noopener noreferrer\">M\u00e9s informaci\u00f3<\/a><\/p>\n<p><img decoding=\"async\" src=\"https:\/\/lh5.googleusercontent.com\/IN6hWxQxfFcmlyQaWrd8jgRbBpD7zylBK0xVUAYI4lN_6HVot77PsRJU7klI5kHSLnCY3-8VwaqT1Xp4nuNTdekpALWq_ReLoJkmauEIfdwtjonAQP8=w1175\" \/><\/p>\n<p>&nbsp;<\/p>\n<p>&nbsp;<\/p>\n","protected":false},"excerpt":{"rendered":"<p>El centre formador, un mirall per als futurs docents<br \/>\nDissabte 4 de novembre, de 9.00h a 14.00h<br \/>\nse celebrar\u00e0 a l&#8217;Auditori de la Facultat de Lletres de la Universitat Aut\u00f2noma de Barcelona<br \/>\nL&#8217;esdeveniment s&#8217;adre\u00e7a a directors, coordinadors, tutors de pr\u00e0ctiques de centres d&#8217;educaci\u00f3 infantil, prim\u00e0ria, secund\u00e0ria, formaci\u00f3 professional,&hellip;  <a href=\"https:\/\/serveiseducatius.xtec.cat\/altmaresme\/portada\/i-jornada-de-practiques-destudiants-universitaris\/\" title=\"Read I jornada de pr\u00e0ctiques d&#8217;estudiants universitaris\">Llegeix m\u00e9s\u00bb<\/a><\/p>\n","protected":false},"author":7,"featured_media":0,"comment_status":"open","ping_status":"closed","sticky":false,"template":"","format":"standard","meta":{"_bbp_topic_count":0,"_bbp_reply_count":0,"_bbp_total_topic_count":0,"_bbp_total_reply_count":0,"_bbp_voice_count":0,"_bbp_anonymous_reply_count":0,"_bbp_topic_count_hidden":0,"_bbp_reply_count_hidden":0,"_bbp_forum_subforum_count":0,"footnotes":""},"categories":[29],"tags":[],"class_list":["post-10184","post","type-post","status-publish","format-standard","hentry","category-portada"],"post_mailing_queue_ids":[],"_links":{"self":[{"href":"https:\/\/serveiseducatius.xtec.cat\/altmaresme\/wp-json\/wp\/v2\/posts\/10184","targetHints":{"allow":["GET"]}}],"collection":[{"href":"https:\/\/serveiseducatius.xtec.cat\/altmaresme\/wp-json\/wp\/v2\/posts"}],"about":[{"href":"https:\/\/serveiseducatius.xtec.cat\/altmaresme\/wp-json\/wp\/v2\/types\/post"}],"author":[{"embeddable":true,"href":"https:\/\/serveiseducatius.xtec.cat\/altmaresme\/wp-json\/wp\/v2\/users\/7"}],"replies":[{"embeddable":true,"href":"https:\/\/serveiseducatius.xtec.cat\/altmaresme\/wp-json\/wp\/v2\/comments?post=10184"}],"version-history":[{"count":1,"href":"https:\/\/serveiseducatius.xtec.cat\/altmaresme\/wp-json\/wp\/v2\/posts\/10184\/revisions"}],"predecessor-version":[{"id":10185,"href":"https:\/\/serveiseducatius.xtec.cat\/altmaresme\/wp-json\/wp\/v2\/posts\/10184\/revisions\/10185"}],"wp:attachment":[{"href":"https:\/\/serveiseducatius.xtec.cat\/altmaresme\/wp-json\/wp\/v2\/media?parent=10184"}],"wp:term":[{"taxonomy":"category","embeddable":true,"href":"https:\/\/serveiseducatius.xtec.cat\/altmaresme\/wp-json\/wp\/v2\/categories?post=10184"},{"taxonomy":"post_tag","embeddable":true,"href":"https:\/\/serveiseducatius.xtec.cat\/altmaresme\/wp-json\/wp\/v2\/tags?post=10184"}],"curies":[{"name":"wp","href":"https:\/\/api.w.org\/{rel}","templated":true}]}}