{"id":10180,"date":"2017-10-10T14:17:38","date_gmt":"2017-10-10T12:17:38","guid":{"rendered":"http:\/\/serveiseducatius.xtec.cat\/altmaresme\/?p=10180"},"modified":"2017-10-10T14:18:29","modified_gmt":"2017-10-10T12:18:29","slug":"programa-ciencia-i-aula","status":"publish","type":"post","link":"https:\/\/serveiseducatius.xtec.cat\/altmaresme\/portada\/programa-ciencia-i-aula\/","title":{"rendered":"Programa Ci\u00e8ncia i Aula"},"content":{"rendered":"<p><em>X<\/em>errada inaugural del programa Ci\u00e8ncia i Aula 2017-2018<\/p>\n<p><strong><a href=\"http:\/\/serveiseducatius.xtec.cat\/altmaresme\/wp-content\/uploads\/usu1140\/2017\/10\/4opL3_64_400x400.jpeg\"><img loading=\"lazy\" decoding=\"async\" class=\"size-thumbnail wp-image-10181 alignleft\" src=\"http:\/\/serveiseducatius.xtec.cat\/altmaresme\/wp-content\/uploads\/usu1140\/2017\/10\/4opL3_64_400x400-150x150.jpeg\" alt=\"\" width=\"150\" height=\"150\" srcset=\"https:\/\/serveiseducatius.xtec.cat\/altmaresme\/wp-content\/uploads\/usu1140\/2017\/10\/4opL3_64_400x400-150x150.jpeg 150w, https:\/\/serveiseducatius.xtec.cat\/altmaresme\/wp-content\/uploads\/usu1140\/2017\/10\/4opL3_64_400x400-300x300.jpeg 300w, https:\/\/serveiseducatius.xtec.cat\/altmaresme\/wp-content\/uploads\/usu1140\/2017\/10\/4opL3_64_400x400.jpeg 400w\" sizes=\"auto, (max-width: 150px) 100vw, 150px\" \/><\/a>Ensenyar a diferenciar ci\u00e8ncia i pseudoci\u00e8ncia a l\u2019aula utilitzant el pensament cr\u00edtic<\/strong><\/p>\n<p>Aquesta sessi\u00f3 s\u2019adre\u00e7a als docents de prim\u00e0ria i secund\u00e0ria amb l\u2019objectiu de proporcionar pautes per diferenciar la ci\u00e8ncia de la pseudoci\u00e8ncia que puguin ser d\u2019utilitat a l\u2019aula, aix\u00ed com recursos i activitats per fer bones pr\u00e0ctiques educatives.<\/p>\n<p><strong>Intervenci\u00f3:<\/strong><br \/>\nJordi de Manuel, bi\u00f2leg, professor de secund\u00e0ria al Institut Quatre Cantons.<br \/>\nJes\u00fas Purroy, bi\u00f2leg, comunicador cient\u00edfic i emprenedor.<\/p>\n<table border=\"0\" width=\"100%\" cellspacing=\"0\" cellpadding=\"2\">\n<tbody>\n<tr>\n<td><strong>Lloc:<\/strong> <a href=\"https:\/\/maps.google.com\/?q=Passeig+de+Llu%C3%ADs+Companys,+23+-+Barcelona&amp;entry=gmail&amp;source=g\" target=\"_blank\" rel=\"noopener noreferrer\">Passeig de Llu\u00eds Companys, 23 \u2013 Barcelona<\/a><br \/>\n<strong>Data<\/strong>: dijous,\u00a019 d\u2019octubre de 2017, de 18.00 a 19.30 hores<br \/>\n<strong>Inscripcions: <\/strong><a href=\"mailto:montse.miras@fundaciorecerca.cat\" target=\"_blank\" rel=\"noopener noreferrer\">montse.miras@fundaciorecerca.cat<\/a><br \/>\n<a href=\"http:\/\/www.fundaciorecerca.cat\/\" target=\"_blank\" rel=\"noopener noreferrer\">www.fundaciorecerca.cat<\/a><\/td>\n<\/tr>\n<\/tbody>\n<\/table>\n","protected":false},"excerpt":{"rendered":"<p>Xerrada inaugural del programa Ci\u00e8ncia i Aula 2017-2018<br \/>\n<a href=\"http:\/\/serveiseducatius.xtec.cat\/altmaresme\/wp-content\/uploads\/usu1140\/2017\/10\/4opL3_64_400x400.jpeg\"><\/a>Ensenyar a diferenciar ci\u00e8ncia i pseudoci\u00e8ncia a l\u2019aula utilitzant el pensament cr\u00edtic<br \/>\nAquesta sessi\u00f3 s\u2019adre\u00e7a als docents de prim\u00e0ria i secund\u00e0ria amb l\u2019objectiu de proporcionar pautes per diferenciar la ci\u00e8ncia de la pseudoci\u00e8ncia que puguin ser d\u2019utilitat a&hellip;  <a href=\"https:\/\/serveiseducatius.xtec.cat\/altmaresme\/portada\/programa-ciencia-i-aula\/\" title=\"Read Programa Ci\u00e8ncia i Aula\">Llegeix m\u00e9s\u00bb<\/a><\/p>\n","protected":false},"author":7,"featured_media":10181,"comment_status":"open","ping_status":"closed","sticky":false,"template":"","format":"standard","meta":{"_bbp_topic_count":0,"_bbp_reply_count":0,"_bbp_total_topic_count":0,"_bbp_total_reply_count":0,"_bbp_voice_count":0,"_bbp_anonymous_reply_count":0,"_bbp_topic_count_hidden":0,"_bbp_reply_count_hidden":0,"_bbp_forum_subforum_count":0,"footnotes":""},"categories":[66,29],"tags":[],"class_list":["post-10180","post","type-post","status-publish","format-standard","has-post-thumbnail","hentry","category-docencia","category-portada"],"post_mailing_queue_ids":[],"_links":{"self":[{"href":"https:\/\/serveiseducatius.xtec.cat\/altmaresme\/wp-json\/wp\/v2\/posts\/10180","targetHints":{"allow":["GET"]}}],"collection":[{"href":"https:\/\/serveiseducatius.xtec.cat\/altmaresme\/wp-json\/wp\/v2\/posts"}],"about":[{"href":"https:\/\/serveiseducatius.xtec.cat\/altmaresme\/wp-json\/wp\/v2\/types\/post"}],"author":[{"embeddable":true,"href":"https:\/\/serveiseducatius.xtec.cat\/altmaresme\/wp-json\/wp\/v2\/users\/7"}],"replies":[{"embeddable":true,"href":"https:\/\/serveiseducatius.xtec.cat\/altmaresme\/wp-json\/wp\/v2\/comments?post=10180"}],"version-history":[{"count":1,"href":"https:\/\/serveiseducatius.xtec.cat\/altmaresme\/wp-json\/wp\/v2\/posts\/10180\/revisions"}],"predecessor-version":[{"id":10182,"href":"https:\/\/serveiseducatius.xtec.cat\/altmaresme\/wp-json\/wp\/v2\/posts\/10180\/revisions\/10182"}],"wp:featuredmedia":[{"embeddable":true,"href":"https:\/\/serveiseducatius.xtec.cat\/altmaresme\/wp-json\/wp\/v2\/media\/10181"}],"wp:attachment":[{"href":"https:\/\/serveiseducatius.xtec.cat\/altmaresme\/wp-json\/wp\/v2\/media?parent=10180"}],"wp:term":[{"taxonomy":"category","embeddable":true,"href":"https:\/\/serveiseducatius.xtec.cat\/altmaresme\/wp-json\/wp\/v2\/categories?post=10180"},{"taxonomy":"post_tag","embeddable":true,"href":"https:\/\/serveiseducatius.xtec.cat\/altmaresme\/wp-json\/wp\/v2\/tags?post=10180"}],"curies":[{"name":"wp","href":"https:\/\/api.w.org\/{rel}","templated":true}]}}