{"id":10177,"date":"2017-10-10T14:14:37","date_gmt":"2017-10-10T12:14:37","guid":{"rendered":"http:\/\/serveiseducatius.xtec.cat\/altmaresme\/?p=10177"},"modified":"2017-10-10T14:14:37","modified_gmt":"2017-10-10T12:14:37","slug":"xxiii-salo-del-manga-de-barcelona","status":"publish","type":"post","link":"https:\/\/serveiseducatius.xtec.cat\/altmaresme\/portada\/xxiii-salo-del-manga-de-barcelona\/","title":{"rendered":"XXIII SAL\u00d3 DEL MANGA DE BARCELONA"},"content":{"rendered":"<h6 class=\"titol roboto-slab corporative\">ACTIVITATS PER A LES ESCOLES DINS DEL XXIII SAL\u00d3 DEL MANGA DE BARCELONA<\/h6>\n<p><img loading=\"lazy\" decoding=\"async\" class=\"alignleft\" src=\"https:\/\/manga-xxiii.ficomic.com\/IMAGES_25\/13256\/700_x_xxiii-salo-del-manga-de-barcelona.jpg\" alt=\"xxiii-salo-del-manga-de-barcelona.jpg\" width=\"218\" height=\"346\" \/><\/p>\n<p><strong>Dates<\/strong>: 2 i 3 de novembre de 2017<\/p>\n<p><strong>Lloc<\/strong>: <strong>Sal\u00f3 del Manga de Barcelona<\/strong> (PALAUS 1, 2, 3.1, 4, 5 i Pla\u00e7a Univers de Fira Barcelona Montju\u00efc)<\/p>\n<p><strong>Horari<\/strong>:<br \/>\nDijous 2 de novembre: de 9:00 a 20:00 h<br \/>\nDivendres 3 de novembre: de 9:00 a 20:00 h<\/p>\n<p><strong>A qui va dirigit<\/strong>: alumnes d\u2019Educaci\u00f3 Prim\u00e0ria, d\u2019Educaci\u00f3 Secund\u00e0ria Obligat\u00f2ria i Batxillerat<\/p>\n<p><strong>Organitza<\/strong>: <strong>FICOMIC<\/strong>, amb la col\u00b7laboraci\u00f3 del Departament d\u2019Ensenyament de la Generalitat de Catalunya<\/p>\n<p><a href=\"https:\/\/manga-xxiii.ficomic.com\/activitats-pedagogiques.cfm\" target=\"_blank\" rel=\"noopener noreferrer\">Enlla\u00e7 a m\u00e9s informaci\u00f3<\/a><\/p>\n","protected":false},"excerpt":{"rendered":"<p>ACTIVITATS PER A LES ESCOLES DINS DEL XXIII SAL\u00d3 DEL MANGA DE BARCELONA<\/p>\n<p>Dates: 2 i 3 de novembre de 2017<br \/>\nLloc: Sal\u00f3 del Manga de Barcelona (PALAUS 1, 2, 3.1, 4, 5 i Pla\u00e7a Univers de Fira Barcelona Montju\u00efc)<br \/>\nHorari:<br \/>\nDijous 2 de novembre: de 9:00 a 20:00&hellip;  <a href=\"https:\/\/serveiseducatius.xtec.cat\/altmaresme\/portada\/xxiii-salo-del-manga-de-barcelona\/\" title=\"Read XXIII SAL\u00d3 DEL MANGA DE BARCELONA\">Llegeix m\u00e9s\u00bb<\/a><\/p>\n","protected":false},"author":7,"featured_media":10178,"comment_status":"open","ping_status":"closed","sticky":false,"template":"","format":"standard","meta":{"_bbp_topic_count":0,"_bbp_reply_count":0,"_bbp_total_topic_count":0,"_bbp_total_reply_count":0,"_bbp_voice_count":0,"_bbp_anonymous_reply_count":0,"_bbp_topic_count_hidden":0,"_bbp_reply_count_hidden":0,"_bbp_forum_subforum_count":0,"footnotes":""},"categories":[29],"tags":[],"class_list":["post-10177","post","type-post","status-publish","format-standard","has-post-thumbnail","hentry","category-portada"],"post_mailing_queue_ids":[],"_links":{"self":[{"href":"https:\/\/serveiseducatius.xtec.cat\/altmaresme\/wp-json\/wp\/v2\/posts\/10177","targetHints":{"allow":["GET"]}}],"collection":[{"href":"https:\/\/serveiseducatius.xtec.cat\/altmaresme\/wp-json\/wp\/v2\/posts"}],"about":[{"href":"https:\/\/serveiseducatius.xtec.cat\/altmaresme\/wp-json\/wp\/v2\/types\/post"}],"author":[{"embeddable":true,"href":"https:\/\/serveiseducatius.xtec.cat\/altmaresme\/wp-json\/wp\/v2\/users\/7"}],"replies":[{"embeddable":true,"href":"https:\/\/serveiseducatius.xtec.cat\/altmaresme\/wp-json\/wp\/v2\/comments?post=10177"}],"version-history":[{"count":1,"href":"https:\/\/serveiseducatius.xtec.cat\/altmaresme\/wp-json\/wp\/v2\/posts\/10177\/revisions"}],"predecessor-version":[{"id":10179,"href":"https:\/\/serveiseducatius.xtec.cat\/altmaresme\/wp-json\/wp\/v2\/posts\/10177\/revisions\/10179"}],"wp:featuredmedia":[{"embeddable":true,"href":"https:\/\/serveiseducatius.xtec.cat\/altmaresme\/wp-json\/wp\/v2\/media\/10178"}],"wp:attachment":[{"href":"https:\/\/serveiseducatius.xtec.cat\/altmaresme\/wp-json\/wp\/v2\/media?parent=10177"}],"wp:term":[{"taxonomy":"category","embeddable":true,"href":"https:\/\/serveiseducatius.xtec.cat\/altmaresme\/wp-json\/wp\/v2\/categories?post=10177"},{"taxonomy":"post_tag","embeddable":true,"href":"https:\/\/serveiseducatius.xtec.cat\/altmaresme\/wp-json\/wp\/v2\/tags?post=10177"}],"curies":[{"name":"wp","href":"https:\/\/api.w.org\/{rel}","templated":true}]}}