{"id":10162,"date":"2017-10-04T10:36:21","date_gmt":"2017-10-04T08:36:21","guid":{"rendered":"http:\/\/serveiseducatius.xtec.cat\/altmaresme\/?p=10162"},"modified":"2017-12-22T11:32:19","modified_gmt":"2017-12-22T10:32:19","slug":"fem-familia-taller-dhabilitats-parentals-tambe-a-pineda-de-mar","status":"publish","type":"post","link":"https:\/\/serveiseducatius.xtec.cat\/altmaresme\/portada\/fem-familia-taller-dhabilitats-parentals-tambe-a-pineda-de-mar\/","title":{"rendered":"FEM FAM\u00cdLIA: Taller d&#8217;Habilitats Parentals, tamb\u00e9 a Pineda de Mar"},"content":{"rendered":"<p>S&#8217;ha organitzat a Pineda\u00a0de Mar un taller d&#8217;Habilitats Parentals (THP), conjuntament els Serveis Educatius i Serveis Socials B\u00e0sics (SSB). Aquest taller, basat en metodologia activa i grupal, s&#8217;adre\u00e7a a mares i pares de nens i nenes de EI\u00a0 (P3-P4-P5) i pret\u00e9n: millorar les compet\u00e8ncies de crian\u00e7a i habilitats parentals, aconseguir que s\u2019impliquin efica\u00e7ment en la construcci\u00f3 d\u2019una din\u00e0mica familiar positiva i promoure el desenvolupament de models parentals adequats.<span style=\"font-weight: 400;\"><br \/>\n<\/span><\/p>\n<p style=\"text-align: center;\"><a href=\"http:\/\/serveiseducatius.xtec.cat\/altmaresme\/wp-content\/uploads\/usu1140\/2017\/09\/Imatge-fem-fam\u00edlia.jpg\"><img loading=\"lazy\" decoding=\"async\" class=\"wp-image-10108 alignleft\" src=\"http:\/\/serveiseducatius.xtec.cat\/altmaresme\/wp-content\/uploads\/usu1140\/2017\/09\/Imatge-fem-fam\u00edlia.jpg\" alt=\"\" width=\"270\" height=\"226\" srcset=\"https:\/\/serveiseducatius.xtec.cat\/altmaresme\/wp-content\/uploads\/usu1140\/2017\/09\/Imatge-fem-fam\u00edlia.jpg 323w, https:\/\/serveiseducatius.xtec.cat\/altmaresme\/wp-content\/uploads\/usu1140\/2017\/09\/Imatge-fem-fam\u00edlia-300x250.jpg 300w\" sizes=\"auto, (max-width: 270px) 100vw, 270px\" \/><\/a><\/p>\n<p style=\"text-align: center;\"><span style=\"text-decoration: underline;\"><span style=\"font-weight: 400;\">Horari: dilluns\u00a0de 9.30 a 11h<\/span><\/span><\/p>\n<p style=\"text-align: center;\"><span style=\"text-decoration: underline;\"><span style=\"font-weight: 400;\">Del 23 d\u2019octubre al 18 de desembre 2017<\/span><\/span><\/p>\n<p style=\"text-align: center;\"><span style=\"text-decoration: underline;\"><span style=\"font-weight: 400;\">Lloc:\u00a0Centre C\u00edvic Poblenou<\/span><\/span><\/p>\n<p>Preinscripci\u00f3 a secretaria de l\u2019escola del\u00a02 al 11 d&#8217;octubre.<\/p>\n<p><span style=\"font-weight: 400;\">Matricula i sessi\u00f3 informativa <\/span><b>DILLUNS 16\u00a0D\u2019OCTUBRE a les 9.30h<\/b><\/p>\n<p><span style=\"font-weight: 400;\">Taller gratu\u00eft per\u00f2 cal haver fet la matr\u00edcula pr\u00e8via.<\/span><\/p>\n<p><a href=\"http:\/\/serveiseducatius.xtec.cat\/altmaresme\/wp-content\/uploads\/usu1140\/2017\/09\/Captura1.jpg\" target=\"_blank\" rel=\"noopener noreferrer\">M\u00e9s informaci\u00f3<\/a><\/p>\n","protected":false},"excerpt":{"rendered":"<p>Fem fam\u00edlia, tamb\u00e9 a Pineda. &hellip;  <a href=\"https:\/\/serveiseducatius.xtec.cat\/altmaresme\/portada\/fem-familia-taller-dhabilitats-parentals-tambe-a-pineda-de-mar\/\" title=\"Read FEM FAM\u00cdLIA: Taller d&#8217;Habilitats Parentals, tamb\u00e9 a Pineda de Mar\">Llegeix m\u00e9s\u00bb<\/a><\/p>\n","protected":false},"author":7,"featured_media":10164,"comment_status":"open","ping_status":"closed","sticky":false,"template":"","format":"standard","meta":{"_bbp_topic_count":0,"_bbp_reply_count":0,"_bbp_total_topic_count":0,"_bbp_total_reply_count":0,"_bbp_voice_count":0,"_bbp_anonymous_reply_count":0,"_bbp_topic_count_hidden":0,"_bbp_reply_count_hidden":0,"_bbp_forum_subforum_count":0,"footnotes":""},"categories":[29],"tags":[],"class_list":["post-10162","post","type-post","status-publish","format-standard","has-post-thumbnail","hentry","category-portada"],"post_mailing_queue_ids":[],"_links":{"self":[{"href":"https:\/\/serveiseducatius.xtec.cat\/altmaresme\/wp-json\/wp\/v2\/posts\/10162","targetHints":{"allow":["GET"]}}],"collection":[{"href":"https:\/\/serveiseducatius.xtec.cat\/altmaresme\/wp-json\/wp\/v2\/posts"}],"about":[{"href":"https:\/\/serveiseducatius.xtec.cat\/altmaresme\/wp-json\/wp\/v2\/types\/post"}],"author":[{"embeddable":true,"href":"https:\/\/serveiseducatius.xtec.cat\/altmaresme\/wp-json\/wp\/v2\/users\/7"}],"replies":[{"embeddable":true,"href":"https:\/\/serveiseducatius.xtec.cat\/altmaresme\/wp-json\/wp\/v2\/comments?post=10162"}],"version-history":[{"count":3,"href":"https:\/\/serveiseducatius.xtec.cat\/altmaresme\/wp-json\/wp\/v2\/posts\/10162\/revisions"}],"predecessor-version":[{"id":10166,"href":"https:\/\/serveiseducatius.xtec.cat\/altmaresme\/wp-json\/wp\/v2\/posts\/10162\/revisions\/10166"}],"wp:featuredmedia":[{"embeddable":true,"href":"https:\/\/serveiseducatius.xtec.cat\/altmaresme\/wp-json\/wp\/v2\/media\/10164"}],"wp:attachment":[{"href":"https:\/\/serveiseducatius.xtec.cat\/altmaresme\/wp-json\/wp\/v2\/media?parent=10162"}],"wp:term":[{"taxonomy":"category","embeddable":true,"href":"https:\/\/serveiseducatius.xtec.cat\/altmaresme\/wp-json\/wp\/v2\/categories?post=10162"},{"taxonomy":"post_tag","embeddable":true,"href":"https:\/\/serveiseducatius.xtec.cat\/altmaresme\/wp-json\/wp\/v2\/tags?post=10162"}],"curies":[{"name":"wp","href":"https:\/\/api.w.org\/{rel}","templated":true}]}}