{"id":10151,"date":"2017-09-25T16:11:51","date_gmt":"2017-09-25T14:11:51","guid":{"rendered":"http:\/\/serveiseducatius.xtec.cat\/altmaresme\/?p=10151"},"modified":"2017-09-25T16:11:51","modified_gmt":"2017-09-25T14:11:51","slug":"ser-hi-participar-i-aprendre-cicle-de-conferencies","status":"publish","type":"post","link":"https:\/\/serveiseducatius.xtec.cat\/altmaresme\/general\/ser-hi-participar-i-aprendre-cicle-de-conferencies\/","title":{"rendered":"Ser-hi, participar i aprendre. Cicle de confer\u00e8ncies."},"content":{"rendered":"<p>Cicle de <strong>5 confer\u00e8ncies<\/strong> adre\u00e7ades als <strong>mestres d&#8217;educaci\u00f3 especial<\/strong> com a col.lectiu que pot orientar la resposta educativa de l&#8217;alumnat amb necessitat espec\u00edfica de suport educatiu en el marc de l&#8217;<strong>escola inclusiva<\/strong>.<\/p>\n<p>En el seg\u00fcent enlla\u00e7 podeu consultar la descripci\u00f3 i el calendari de les sessions.<\/p>\n<p><a href=\"https:\/\/aplicacions.gestioeducativa.gencat.cat\/pls\/soloas\/inscripcionsnp?codi=A000710512&amp;curs=2017-2018\" target=\"_blank\" rel=\"noopener noreferrer\"><strong>Inscripci\u00f3<\/strong><\/a> <strong>fins el 15 d&#8217;octubre de 2017<\/strong><\/p>\n","protected":false},"excerpt":{"rendered":"<p>Cicle de confer\u00e8ncies adre\u00e7at a mestres d&#8217;educaci\u00f3 especial d&#8217;infantil i prim\u00e0ria&hellip;  <a href=\"https:\/\/serveiseducatius.xtec.cat\/altmaresme\/general\/ser-hi-participar-i-aprendre-cicle-de-conferencies\/\" title=\"Read Ser-hi, participar i aprendre. Cicle de confer\u00e8ncies.\">Llegeix m\u00e9s\u00bb<\/a><\/p>\n","protected":false},"author":7,"featured_media":8630,"comment_status":"open","ping_status":"closed","sticky":false,"template":"","format":"standard","meta":{"_bbp_topic_count":0,"_bbp_reply_count":0,"_bbp_total_topic_count":0,"_bbp_total_reply_count":0,"_bbp_voice_count":0,"_bbp_anonymous_reply_count":0,"_bbp_topic_count_hidden":0,"_bbp_reply_count_hidden":0,"_bbp_forum_subforum_count":0,"footnotes":""},"categories":[285,1,29],"tags":[],"class_list":["post-10151","post","type-post","status-publish","format-standard","has-post-thumbnail","hentry","category-dua","category-general","category-portada"],"post_mailing_queue_ids":[],"_links":{"self":[{"href":"https:\/\/serveiseducatius.xtec.cat\/altmaresme\/wp-json\/wp\/v2\/posts\/10151","targetHints":{"allow":["GET"]}}],"collection":[{"href":"https:\/\/serveiseducatius.xtec.cat\/altmaresme\/wp-json\/wp\/v2\/posts"}],"about":[{"href":"https:\/\/serveiseducatius.xtec.cat\/altmaresme\/wp-json\/wp\/v2\/types\/post"}],"author":[{"embeddable":true,"href":"https:\/\/serveiseducatius.xtec.cat\/altmaresme\/wp-json\/wp\/v2\/users\/7"}],"replies":[{"embeddable":true,"href":"https:\/\/serveiseducatius.xtec.cat\/altmaresme\/wp-json\/wp\/v2\/comments?post=10151"}],"version-history":[{"count":1,"href":"https:\/\/serveiseducatius.xtec.cat\/altmaresme\/wp-json\/wp\/v2\/posts\/10151\/revisions"}],"predecessor-version":[{"id":10153,"href":"https:\/\/serveiseducatius.xtec.cat\/altmaresme\/wp-json\/wp\/v2\/posts\/10151\/revisions\/10153"}],"wp:featuredmedia":[{"embeddable":true,"href":"https:\/\/serveiseducatius.xtec.cat\/altmaresme\/wp-json\/wp\/v2\/media\/8630"}],"wp:attachment":[{"href":"https:\/\/serveiseducatius.xtec.cat\/altmaresme\/wp-json\/wp\/v2\/media?parent=10151"}],"wp:term":[{"taxonomy":"category","embeddable":true,"href":"https:\/\/serveiseducatius.xtec.cat\/altmaresme\/wp-json\/wp\/v2\/categories?post=10151"},{"taxonomy":"post_tag","embeddable":true,"href":"https:\/\/serveiseducatius.xtec.cat\/altmaresme\/wp-json\/wp\/v2\/tags?post=10151"}],"curies":[{"name":"wp","href":"https:\/\/api.w.org\/{rel}","templated":true}]}}