{"id":493,"count":1,"description":"Descobriu a l\u2019aula la nanoci\u00e8ncia i la nanotecnologia amb aquest <b>NanoKit 2.0<\/b> dissenyat per vincular conceptes i aplicacions nano amb diferents \u00e0mbits curriculars. L\u2019experi\u00e8ncia <strong>proposa una metodologia experimental<\/strong>, per a qu\u00e8 els alumnes de quart d\u2019ESO i batxillerat ho provin en primera persona.\r\n\r\nPer demanar el kit adreceu-vos al CRP enviant un mail a: crp-pineda@xtec.cat i us confirmarem si est\u00e0 disponible. Es pot disposar d\u2019aquest kit durant un mes.\r\n\r\nEl curs 2016-17 l'han tingut en pr\u00e9stec l'Institut Font del Ferro de Palafolls i l'Institut Dom\u00e8nec Perram\u00f3n d'Arenys de Munt.\r\n\r\nEn aquest enlla\u00e7 del <a href=\"https:\/\/agora.xtec.cat\/cesire\/categoria\/projectes\/nano\/\" rel=\"nofollow\">CESIRE<\/a>, trobareu tota la informaci\u00f3 i el contingut del kit de Nanoci\u00e8ncia.\r\n\r\nUs podeu descarregar el material did\u00e0ctic que acompanya el kit en els enlla\u00e7os seg\u00fcents:\r\n<ul>\r\n \t<li>Carta de benvinguda al professorat (<a href=\"http:\/\/agora.xtec.cat\/cesire\/wp-content\/uploads\/usu397\/2017\/03\/Carta_presentaci%C3%B3.pdf\" target=\"_blank\" rel=\"nofollow noopener noreferrer\">document pdf<\/a>)<\/li>\r\n \t<li>Material per l\u2019alumnat (<a href=\"http:\/\/nanoeduca.cat\/wp-content\/uploads\/Alumnes.zip\" target=\"_blank\" rel=\"nofollow noopener noreferrer\">arxiu zip<\/a>)<\/li>\r\n \t<li>Material pel professorat (<a href=\"http:\/\/nanoeduca.cat\/wp-content\/uploads\/Professors_1.zip\" target=\"_blank\" rel=\"nofollow noopener noreferrer\">arxiu1 zip<\/a>,\u00a0<a href=\"http:\/\/nanoeduca.cat\/wp-content\/uploads\/Professors_2.zip\" target=\"_blank\" rel=\"nofollow noopener noreferrer\">arxiu2 zip<\/a>)<\/li>\r\n \t<li>Material imprimible debat: cartes i taulell de treball (<a href=\"http:\/\/nanoeduca.cat\/wp-content\/uploads\/tauler-joc-fitxes-cat.zip\" target=\"_blank\" rel=\"nofollow noopener noreferrer\">arxiu zip<\/a>)<\/li>\r\n<\/ul>\r\n<strong>Iniciativa NanoEduca<\/strong>\r\n<div><a href=\"https:\/\/sites.google.com\/a\/xtec.cat\/semataro\/noticies\/nanokit20lananotecnologiaalaula\/nanokit-1-768x438.jpg?attredirects=0\"><img class=\"alignright\" src=\"https:\/\/sites.google.com\/a\/xtec.cat\/semataro\/_\/rsrc\/1491492659701\/noticies\/nanokit20lananotecnologiaalaula\/nanokit-1-768x438.jpg?height=182&amp;width=320\" width=\"320\" height=\"182\" border=\"0\" \/><\/a><\/div>\r\nEls objectius principals de la iniciativa NanoEduca s\u00f3n introduir l\u2019alumnat i el professorat d\u2019ensenyament secundari en els conceptes b\u00e0sics de la nanotecnologia, fomentar l\u2019inter\u00e8s i crear vocacions dels alumnes per les disciplines cientifico-t\u00e8cniques, i crear una xarxa d\u2019intercanvi de coneixement i col\u00b7laboraci\u00f3 permanent entre professional investigador i docents en actiu. \u00a0Aquestes\u00a0accions s\u2019estructuren fonamentalment a partir de tres grans eixos: <a href=\"http:\/\/www.ub.edu\/ice\/cursos\/nanociencia\" target=\"_blank\" rel=\"nofollow noopener noreferrer\">formaci\u00f3 pel professorat<\/a>, materials did\u00e0ctics i l\u2019organitzaci\u00f3 d\u2019un concurs per l\u2019alumnat.\r\n\r\nLa iniciativa NanoEduca es va iniciar el curs 2015-16 amb una prova pilot amb professorat de 16 centres educatius, i m\u00e9s de 500 alumnes participants. Es van dissenyar i produir uns kits d\u2019experimentaci\u00f3 a l\u2019aula amb 18 propostes did\u00e0ctiques, agrupades en 4 \u00e0mbits (fonaments de nanoci\u00e8ncia i nanotecnologia, nanoci\u00e8ncia, nanotecnologia i nanomaterials, i nanobiotecnologia). L\u2019avaluaci\u00f3 d\u2019aquests materials per part tant de l\u2019alumnat com del professorat participant va utilitzar-se com a base pel disseny d\u2019una nova versi\u00f3 del nanokit, dissenyat i produ\u00eft gr\u00e0cies al finan\u00e7ament de la FECYT (<a href=\"https:\/\/www.convocatoria.fecyt.es\/Publico\/2015\/Formularios_Solicitud\/Informes\/Ficha_Resumen.aspx?RF=10278\" target=\"_blank\" rel=\"nofollow noopener noreferrer\">projecte FCT-15-10278<\/a>).\r\n<p style=\"text-align: center;\"><strong>M\u00e9s informaci\u00f3<\/strong><\/p>\r\n<p style=\"text-align: center;\">Web NanoEduca\u00a0<a href=\"http:\/\/nanoeduca.cat\/ca\/inici\/\" target=\"_blank\" rel=\"nofollow noopener noreferrer\">nanoeduca.cat<\/a>\r\n<a href=\"https:\/\/www.youtube.com\/channel\/UCnPqpEEQ2SLxOwiM57tkHjg\" target=\"_blank\" rel=\"noopener noreferrer\">Canal de Youtube<\/a> (18 v\u00eddeos d\u2019experiments).\r\nTwitter NanoEduca <a href=\"https:\/\/twitter.com\/@nanoeduca\" target=\"_blank\" rel=\"nofollow noopener noreferrer\">@nanoeduca<\/a>\r\nCESIRE*&gt; Projectes&gt; <a href=\"http:\/\/agora.xtec.cat\/cesire\/categoria\/projectes\/nano\/\" target=\"_blank\" rel=\"nofollow noopener noreferrer\">Nanotecnologia<\/a><\/p>\r\nAl CRP disposem d\u2019un exemplar del <strong>Nanokit 2.0<\/strong> gr\u00e0cies a les accions\u00a0del <a href=\"http:\/\/agora.xtec.cat\/cesire\/\" target=\"_blank\" rel=\"nofollow noopener noreferrer\">CESIRE<\/a> al voltant de la nanotecnologia que es realitzen principalment en col\u00b7laboraci\u00f3 amb els Centres Cient\u00edfics i Tecnol\u00f2gics (<a href=\"http:\/\/www.ccit.ub.edu\/CA\/home.html\" target=\"_blank\" rel=\"nofollow noopener noreferrer\">CCiTUB<\/a>) de la Universitat de Barcelona, l\u2019Institut Catal\u00e0 de Nanoci\u00e8ncia i Nanotecnologia (<a href=\"http:\/\/www.icn.cat\/en\/\" target=\"_blank\" rel=\"nofollow noopener noreferrer\">ICN2<\/a>), i el <a href=\"http:\/\/www.uab.cat\/web\/estudiar\/llistat-de-graus\/informacio-general\/nanociencia-i-nanotecnologia-1216708251447.html?param1=1263367118156\" target=\"_blank\" rel=\"nofollow noopener noreferrer\">Grau de Nanoci\u00e8ncia i Nanotecnologia<\/a> de la Universitat Aut\u00f2noma de Barcelona.\r\n\r\n&nbsp;\r\n\r\n<em>Font d'informaci\u00f3: <a href=\"https:\/\/sites.google.com\/a\/xtec.cat\/semataro\/noticies\/nanokit20lananotecnologiaalaula\" target=\"_blank\" rel=\"noopener noreferrer\">SE-Matar\u00f3<\/a><\/em>","link":"https:\/\/serveiseducatius.xtec.cat\/altmaresme\/categoria\/mediateca\/maletes-pedagogiques\/nanokit\/","name":"Nanokit 2.0","slug":"nanokit","taxonomy":"category","parent":82,"meta":[],"_links":{"self":[{"href":"https:\/\/serveiseducatius.xtec.cat\/altmaresme\/wp-json\/wp\/v2\/categories\/493","targetHints":{"allow":["GET"]}}],"collection":[{"href":"https:\/\/serveiseducatius.xtec.cat\/altmaresme\/wp-json\/wp\/v2\/categories"}],"about":[{"href":"https:\/\/serveiseducatius.xtec.cat\/altmaresme\/wp-json\/wp\/v2\/taxonomies\/category"}],"up":[{"embeddable":true,"href":"https:\/\/serveiseducatius.xtec.cat\/altmaresme\/wp-json\/wp\/v2\/categories\/82"}],"wp:post_type":[{"href":"https:\/\/serveiseducatius.xtec.cat\/altmaresme\/wp-json\/wp\/v2\/posts?categories=493"}],"curies":[{"name":"wp","href":"https:\/\/api.w.org\/{rel}","templated":true}]}}