{"id":9969,"date":"2020-03-03T08:59:19","date_gmt":"2020-03-03T07:59:19","guid":{"rendered":"http:\/\/serveiseducatius.xtec.cat\/altemporda\/?p=9969"},"modified":"2020-03-10T12:00:44","modified_gmt":"2020-03-10T11:00:44","slug":"en-marxa-la-vi-edicio-del-concurs-doratoria-juvenil-de-lalt-emporda","status":"publish","type":"post","link":"https:\/\/serveiseducatius.xtec.cat\/altemporda\/portada\/en-marxa-la-vi-edicio-del-concurs-doratoria-juvenil-de-lalt-emporda\/","title":{"rendered":"En marxa la VI edici\u00f3 del concurs d&#8217;orat\u00f2ria juvenil de l&#8217;Alt Empord\u00e0"},"content":{"rendered":"<p>En marxa el VI\u00e8 concurs d&#8217;orat\u00f2ria juvenil de l&#8217;Alt Empord\u00e0, que aquesta edici\u00f3 comptar\u00e0 amb la participaci\u00f3 com a ponent de l&#8217;actriu, comunicadora, locutora i coach, Txe Arana. <a href=\"https:\/\/sites.google.com\/a\/xtec.cat\/concurs-d-oratoria-juvenil-de-l-alt-emporda\/\">+info<\/a><\/p>\n<p><a href=\"https:\/\/serveiseducatius.xtec.cat\/altemporda\/wp-content\/uploads\/usu1156\/2020\/03\/target\u00f3-orat\u00f2ria.png\"><img loading=\"lazy\" decoding=\"async\" class=\"alignnone size-full wp-image-9970\" src=\"https:\/\/serveiseducatius.xtec.cat\/altemporda\/wp-content\/uploads\/usu1156\/2020\/03\/target\u00f3-orat\u00f2ria.png\" alt=\"\" width=\"1011\" height=\"499\" srcset=\"https:\/\/serveiseducatius.xtec.cat\/altemporda\/wp-content\/uploads\/usu1156\/2020\/03\/target\u00f3-orat\u00f2ria.png 1011w, https:\/\/serveiseducatius.xtec.cat\/altemporda\/wp-content\/uploads\/usu1156\/2020\/03\/target\u00f3-orat\u00f2ria-300x148.png 300w, https:\/\/serveiseducatius.xtec.cat\/altemporda\/wp-content\/uploads\/usu1156\/2020\/03\/target\u00f3-orat\u00f2ria-768x379.png 768w\" sizes=\"auto, (max-width: 1011px) 100vw, 1011px\" \/><\/a><\/p>\n","protected":false},"excerpt":{"rendered":"<p>En marxa el VI\u00e8 concurs d&#8217;orat\u00f2ria juvenil de l&#8217;Alt Empord\u00e0, que aquesta edici\u00f3 comptar\u00e0 amb la participaci\u00f3 com a ponent de l&#8217;actriu, comunicadora, locutora i coach, Txe Arana.\u00a0+info<\/p>\n","protected":false},"author":4,"featured_media":9970,"comment_status":"closed","ping_status":"closed","sticky":false,"template":"","format":"standard","meta":{"_bbp_topic_count":0,"_bbp_reply_count":0,"_bbp_total_topic_count":0,"_bbp_total_reply_count":0,"_bbp_voice_count":0,"_bbp_anonymous_reply_count":0,"_bbp_topic_count_hidden":0,"_bbp_reply_count_hidden":0,"_bbp_forum_subforum_count":0,"site-sidebar-layout":"default","site-content-layout":"","ast-site-content-layout":"","site-content-style":"default","site-sidebar-style":"default","ast-global-header-display":"","ast-banner-title-visibility":"","ast-main-header-display":"","ast-hfb-above-header-display":"","ast-hfb-below-header-display":"","ast-hfb-mobile-header-display":"","site-post-title":"","ast-breadcrumbs-content":"","ast-featured-img":"","footer-sml-layout":"","theme-transparent-header-meta":"","adv-header-id-meta":"","stick-header-meta":"","header-above-stick-meta":"","header-main-stick-meta":"","header-below-stick-meta":"","astra-migrate-meta-layouts":"default","ast-page-background-enabled":"default","ast-page-background-meta":{"desktop":{"background-color":"var(--ast-global-color-4)","background-image":"","background-repeat":"repeat","background-position":"center center","background-size":"auto","background-attachment":"scroll","background-type":"","background-media":"","overlay-type":"","overlay-color":"","overlay-opacity":"","overlay-gradient":""},"tablet":{"background-color":"","background-image":"","background-repeat":"repeat","background-position":"center center","background-size":"auto","background-attachment":"scroll","background-type":"","background-media":"","overlay-type":"","overlay-color":"","overlay-opacity":"","overlay-gradient":""},"mobile":{"background-color":"","background-image":"","background-repeat":"repeat","background-position":"center center","background-size":"auto","background-attachment":"scroll","background-type":"","background-media":"","overlay-type":"","overlay-color":"","overlay-opacity":"","overlay-gradient":""}},"ast-content-background-meta":{"desktop":{"background-color":"var(--ast-global-color-5)","background-image":"","background-repeat":"repeat","background-position":"center center","background-size":"auto","background-attachment":"scroll","background-type":"","background-media":"","overlay-type":"","overlay-color":"","overlay-opacity":"","overlay-gradient":""},"tablet":{"background-color":"var(--ast-global-color-5)","background-image":"","background-repeat":"repeat","background-position":"center center","background-size":"auto","background-attachment":"scroll","background-type":"","background-media":"","overlay-type":"","overlay-color":"","overlay-opacity":"","overlay-gradient":""},"mobile":{"background-color":"var(--ast-global-color-5)","background-image":"","background-repeat":"repeat","background-position":"center center","background-size":"auto","background-attachment":"scroll","background-type":"","background-media":"","overlay-type":"","overlay-color":"","overlay-opacity":"","overlay-gradient":""}},"footnotes":""},"categories":[66,29],"tags":[287,331],"class_list":["post-9969","post","type-post","status-publish","format-standard","has-post-thumbnail","hentry","category-dinamitzacio","category-portada","tag-dinamitzacio","tag-oratoria"],"post_mailing_queue_ids":[],"_links":{"self":[{"href":"https:\/\/serveiseducatius.xtec.cat\/altemporda\/wp-json\/wp\/v2\/posts\/9969","targetHints":{"allow":["GET"]}}],"collection":[{"href":"https:\/\/serveiseducatius.xtec.cat\/altemporda\/wp-json\/wp\/v2\/posts"}],"about":[{"href":"https:\/\/serveiseducatius.xtec.cat\/altemporda\/wp-json\/wp\/v2\/types\/post"}],"author":[{"embeddable":true,"href":"https:\/\/serveiseducatius.xtec.cat\/altemporda\/wp-json\/wp\/v2\/users\/4"}],"replies":[{"embeddable":true,"href":"https:\/\/serveiseducatius.xtec.cat\/altemporda\/wp-json\/wp\/v2\/comments?post=9969"}],"version-history":[{"count":3,"href":"https:\/\/serveiseducatius.xtec.cat\/altemporda\/wp-json\/wp\/v2\/posts\/9969\/revisions"}],"predecessor-version":[{"id":10078,"href":"https:\/\/serveiseducatius.xtec.cat\/altemporda\/wp-json\/wp\/v2\/posts\/9969\/revisions\/10078"}],"wp:featuredmedia":[{"embeddable":true,"href":"https:\/\/serveiseducatius.xtec.cat\/altemporda\/wp-json\/wp\/v2\/media\/9970"}],"wp:attachment":[{"href":"https:\/\/serveiseducatius.xtec.cat\/altemporda\/wp-json\/wp\/v2\/media?parent=9969"}],"wp:term":[{"taxonomy":"category","embeddable":true,"href":"https:\/\/serveiseducatius.xtec.cat\/altemporda\/wp-json\/wp\/v2\/categories?post=9969"},{"taxonomy":"post_tag","embeddable":true,"href":"https:\/\/serveiseducatius.xtec.cat\/altemporda\/wp-json\/wp\/v2\/tags?post=9969"}],"curies":[{"name":"wp","href":"https:\/\/api.w.org\/{rel}","templated":true}]}}