{"id":9839,"date":"2020-02-07T09:54:01","date_gmt":"2020-02-07T08:54:01","guid":{"rendered":"http:\/\/serveiseducatius.xtec.cat\/altemporda\/?p=9839"},"modified":"2020-03-12T12:43:30","modified_gmt":"2020-03-12T11:43:30","slug":"tabu-tu-tries-que-thi-jugues","status":"publish","type":"post","link":"https:\/\/serveiseducatius.xtec.cat\/altemporda\/general\/tabu-tu-tries-que-thi-jugues\/","title":{"rendered":"TAB\u00da. Tu tries qu\u00e8 t&#8217;hi jugues"},"content":{"rendered":"<p>L&#8217;Ag\u00e8ncia Catalana de la Joventut posa a les nostres mans\u00a0l\u2019eina <em><a href=\"http:\/\/tabu.cat\/\"><strong>Tab\u00fa. Tu tries qu\u00e8 t&#8217;hi jugues!<\/strong><\/a><\/em><\/p>\n<p><a href=\"http:\/\/dones.gencat.cat\/ca\/ambits\/sensibilitzacio\/exposicions\/expo_Tabu\/\"><img decoding=\"async\" class=\"alignleft\" style=\"width: 350px;\" src=\"http:\/\/dones.gencat.cat\/web\/.content\/03_ambits\/exposicions\/itinerants\/cataleg\/Tabu\/Imatge_web-i-guies_TABU.png_451270706.png\" alt=\"TAB\u00da\" height=\"555\" \/><\/a>Tab\u00fa \u00e9s un joc digital que permet treballar la prevenci\u00f3 de les viol\u00e8ncies masclistes entre les persones joves i que pret\u00e9n facilitar, dins els centres i equipaments juvenils, diversos tallers i din\u00e0miques per abordar les viol\u00e8ncies sexuals m\u00e9s quotidianes i m\u00e9s normalitzades.<\/p>\n<p>L\u2019activitat est\u00e0 dissenyada per treballar amb <strong>joves de 13 a 18 anys<\/strong> i la present proposta s&#8217;emmarca en les possibles accions que es vulguin portar a terme el 8 de mar\u00e7, el dia de la dona. Per a informaci\u00f3 m\u00e9s detallada del programa podeu entrar al seg\u00fcent enlla\u00e7 web, on s&#8217;explica m\u00e9s concretament el contingut del joc i el funcionament de la proposta:\u00a0 <a href=\"http:\/\/dones.gencat.cat\/ca\/ambits\/sensibilitzacio\/exposicions\/expo_Tabu\/\" data-saferedirecturl=\"https:\/\/www.google.com\/url?q=http:\/\/dones.gencat.cat\/ca\/ambits\/sensibilitzacio\/exposicions\/expo_Tabu\/&amp;source=gmail&amp;ust=1581150862624000&amp;usg=AFQjCNEGMb_jeLSYXo7xFM-pUncCERX92Q\">http:\/\/dones.gencat.cat\/ca\/ambits\/sensibilitzacio\/exposicions\/expo_Tabu\/<\/a><\/p>\n<h5 style=\"font-weight: 400;\"><strong>FORMACI\u00d3 DIA 25 DE FEBRER A GIRONA<\/strong><\/h5>\n<p style=\"font-weight: 400;\">Per tal d&#8217;obtenir els materials i disposar de l&#8217;eina \u00e9s indispensable que una persona referent de cada centre\/espai juvenil faci una formaci\u00f3 pr\u00e8via. En el cas de la demarcaci\u00f3 de Girona ser\u00e0 <strong>dimarts\u00a0 25 de febrer de 9.30 h a 14.30 h a l&#8217;edifici de la Generalitat, sala formativa 3 <\/strong>(pla\u00e7a Pompeu Fabra, 1 de Girona). La formaci\u00f3 tindr\u00e0 una durada de 5 h.<\/p>\n<p><strong>Enlla\u00e7 a la inscripci\u00f3: <\/strong>\u00a0<a href=\"http:\/\/ejoventut.gencat.cat\/ca\/formularis\/tabu-formacio-a-girona\/index.html\" data-saferedirecturl=\"https:\/\/www.google.com\/url?q=http:\/\/ejoventut.gencat.cat\/ca\/formularis\/tabu-formacio-a-girona\/index.html&amp;source=gmail&amp;ust=1581150862624000&amp;usg=AFQjCNFN9zhsZCqW1-4yxJECeJSWaY2udA\">Girona<\/a><\/p>\n","protected":false},"excerpt":{"rendered":"<p><a href=\"http:\/\/dones.gencat.cat\/ca\/ambits\/sensibilitzacio\/exposicions\/expo_Tabu\/\"><br \/>\n<img decoding=\"async\" class=\"aligncenter\" style=\"width: 125px;\" src=\"http:\/\/dones.gencat.cat\/web\/.content\/03_ambits\/exposicions\/itinerants\/cataleg\/Tabu\/Imatge_web-i-guies_TABU.png_451270706.png\" alt=\"TAB\u00da\" \/><\/a><br \/>\nTab\u00fa \u00e9s\u00a0un\u00a0joc digital\u00a0que permet treballar la\u00a0prevenci\u00f3 de les viol\u00e8ncies masclistes<\/p>\n","protected":false},"author":4,"featured_media":0,"comment_status":"closed","ping_status":"closed","sticky":false,"template":"","format":"standard","meta":{"_bbp_topic_count":0,"_bbp_reply_count":0,"_bbp_total_topic_count":0,"_bbp_total_reply_count":0,"_bbp_voice_count":0,"_bbp_anonymous_reply_count":0,"_bbp_topic_count_hidden":0,"_bbp_reply_count_hidden":0,"_bbp_forum_subforum_count":0,"site-sidebar-layout":"default","site-content-layout":"","ast-site-content-layout":"","site-content-style":"default","site-sidebar-style":"default","ast-global-header-display":"","ast-banner-title-visibility":"","ast-main-header-display":"","ast-hfb-above-header-display":"","ast-hfb-below-header-display":"","ast-hfb-mobile-header-display":"","site-post-title":"","ast-breadcrumbs-content":"","ast-featured-img":"","footer-sml-layout":"","theme-transparent-header-meta":"","adv-header-id-meta":"","stick-header-meta":"","header-above-stick-meta":"","header-main-stick-meta":"","header-below-stick-meta":"","astra-migrate-meta-layouts":"default","ast-page-background-enabled":"default","ast-page-background-meta":{"desktop":{"background-color":"var(--ast-global-color-4)","background-image":"","background-repeat":"repeat","background-position":"center center","background-size":"auto","background-attachment":"scroll","background-type":"","background-media":"","overlay-type":"","overlay-color":"","overlay-opacity":"","overlay-gradient":""},"tablet":{"background-color":"","background-image":"","background-repeat":"repeat","background-position":"center center","background-size":"auto","background-attachment":"scroll","background-type":"","background-media":"","overlay-type":"","overlay-color":"","overlay-opacity":"","overlay-gradient":""},"mobile":{"background-color":"","background-image":"","background-repeat":"repeat","background-position":"center center","background-size":"auto","background-attachment":"scroll","background-type":"","background-media":"","overlay-type":"","overlay-color":"","overlay-opacity":"","overlay-gradient":""}},"ast-content-background-meta":{"desktop":{"background-color":"var(--ast-global-color-5)","background-image":"","background-repeat":"repeat","background-position":"center center","background-size":"auto","background-attachment":"scroll","background-type":"","background-media":"","overlay-type":"","overlay-color":"","overlay-opacity":"","overlay-gradient":""},"tablet":{"background-color":"var(--ast-global-color-5)","background-image":"","background-repeat":"repeat","background-position":"center center","background-size":"auto","background-attachment":"scroll","background-type":"","background-media":"","overlay-type":"","overlay-color":"","overlay-opacity":"","overlay-gradient":""},"mobile":{"background-color":"var(--ast-global-color-5)","background-image":"","background-repeat":"repeat","background-position":"center center","background-size":"auto","background-attachment":"scroll","background-type":"","background-media":"","overlay-type":"","overlay-color":"","overlay-opacity":"","overlay-gradient":""}},"footnotes":""},"categories":[154,1,29],"tags":[327,226],"class_list":["post-9839","post","type-post","status-publish","format-standard","hentry","category-formacio","category-general","category-portada","tag-coeducacio","tag-formacio"],"post_mailing_queue_ids":[],"_links":{"self":[{"href":"https:\/\/serveiseducatius.xtec.cat\/altemporda\/wp-json\/wp\/v2\/posts\/9839","targetHints":{"allow":["GET"]}}],"collection":[{"href":"https:\/\/serveiseducatius.xtec.cat\/altemporda\/wp-json\/wp\/v2\/posts"}],"about":[{"href":"https:\/\/serveiseducatius.xtec.cat\/altemporda\/wp-json\/wp\/v2\/types\/post"}],"author":[{"embeddable":true,"href":"https:\/\/serveiseducatius.xtec.cat\/altemporda\/wp-json\/wp\/v2\/users\/4"}],"replies":[{"embeddable":true,"href":"https:\/\/serveiseducatius.xtec.cat\/altemporda\/wp-json\/wp\/v2\/comments?post=9839"}],"version-history":[{"count":3,"href":"https:\/\/serveiseducatius.xtec.cat\/altemporda\/wp-json\/wp\/v2\/posts\/9839\/revisions"}],"predecessor-version":[{"id":10182,"href":"https:\/\/serveiseducatius.xtec.cat\/altemporda\/wp-json\/wp\/v2\/posts\/9839\/revisions\/10182"}],"wp:attachment":[{"href":"https:\/\/serveiseducatius.xtec.cat\/altemporda\/wp-json\/wp\/v2\/media?parent=9839"}],"wp:term":[{"taxonomy":"category","embeddable":true,"href":"https:\/\/serveiseducatius.xtec.cat\/altemporda\/wp-json\/wp\/v2\/categories?post=9839"},{"taxonomy":"post_tag","embeddable":true,"href":"https:\/\/serveiseducatius.xtec.cat\/altemporda\/wp-json\/wp\/v2\/tags?post=9839"}],"curies":[{"name":"wp","href":"https:\/\/api.w.org\/{rel}","templated":true}]}}