{"id":8679,"date":"2019-02-27T11:50:14","date_gmt":"2019-02-27T10:50:14","guid":{"rendered":"http:\/\/serveiseducatius.xtec.cat\/altemporda\/?p=8679"},"modified":"2019-11-07T13:08:43","modified_gmt":"2019-11-07T12:08:43","slug":"ix-trobada-vilafant-vila-educadora","status":"publish","type":"post","link":"https:\/\/serveiseducatius.xtec.cat\/altemporda\/general\/ix-trobada-vilafant-vila-educadora\/","title":{"rendered":"IX Trobada Vilafant Vila educadora"},"content":{"rendered":"<div><a href=\"https:\/\/sites.google.com\/a\/xtec.cat\/seae\/inici\/ixtrobadavilafantvilaeducadora\/image001.jpg?attredirects=0\"><img loading=\"lazy\" decoding=\"async\" class=\"alignleft\" src=\"https:\/\/sites.google.com\/a\/xtec.cat\/seae\/_\/rsrc\/1550677765796\/inici\/ixtrobadavilafantvilaeducadora\/image001.jpg?height=141&amp;width=200\" width=\"200\" height=\"141\" border=\"0\" \/><\/a><\/div>\n<p>Us informem que s\u00f3n obertes les inscripcions fins al 14 de mar\u00e7:<\/p>\n<p><a href=\"https:\/\/goo.gl\/forms\/pfT8pXn6nQzx2P4A3\" target=\"_blank\" rel=\"noopener noreferrer\">Inscripci\u00f3<\/a><\/p>\n<p>9a Trobada &#8220;Vilafant, vila educadora&#8221; que se celebrar\u00e0 el\u00a0dissabte 16 de mar\u00e7 al CEIP les M\u00e8lies a partir de les 9.15\u202fh.<\/p>\n<p>&#8211; \u00ab10 anys de traject\u00f2ria\u00bb amb\u00a0<b>Mart\u00ed Fonalleras<\/b><br \/>\n&#8211; \u00abTraject\u00f2ria de la promoci\u00f3 del 2008\u00bb amb\u00a0<b>exalumnes de l\u2019Institut de Vilafant<\/b><br \/>\n&#8211; Tallers Municipals<b>\u00a0de M\u00fasica<\/b>\u00a0(\u00abActuaci\u00f3 en directe del &#8220;Combo&#8221;\u00bb)<\/p>\n<p>&#8211; Pon\u00e8ncia \u201cReptes de futur\u201d amb\u00a0<b>Gaspar Hern\u00e0ndez<\/b><\/p>\n<p><b>&#8211;\u00a0Lliuraments de premis<\/b>\u00a0de &#8220;6es Beques a l&#8217;excel\u00b7l\u00e8ncia&#8221; i &#8220;5\u00e8 concurs de cartells de Vila educadora&#8221;.<\/p>\n<p><a href=\"https:\/\/www.facebook.com\/hashtag\/vilafantvilaeducadora?source=feed_text&amp;story_id=1306553362694896\" target=\"_blank\" rel=\"nofollow noopener noreferrer\">\u202a<\/a>I tot el que la comunitat educativa (mestres, pares, mares, alumnes&#8230;) hi aporteu:<\/p>\n<p>Aquesta trobada \u00e9s oberta a tothom (professors\/es, pares i mares, alumnes &#8230;), i ofereix un espai obert a la discussi\u00f3 sobre diversos aspectes de l&#8217;educaci\u00f3 i amb riquesa de diversitat de punts de vista. El format de la trobada consisteix diferents pon\u00e8ncies breus (segons programa adjunt), presentacions de projectes i exposicions.<\/p>\n<p><b>La inscripci\u00f3 \u00e9s gratu\u00efta.<\/b>\u00a0Nom\u00e9s s&#8217;ha d&#8217;omplir la butlleta d&#8217;inscripci\u00f3 per internet (<a href=\"https:\/\/goo.gl\/forms\/pfT8pXn6nQzx2P4A3\" target=\"_blank\" rel=\"noopener noreferrer\">Inscripci\u00f3<\/a>) abans del dijous 14 de mar\u00e7 (si teniu cap dubte, podeu adre\u00e7ar-vos a\u00a0<a href=\"mailto:serveispersones@vilafant.cat\" target=\"_blank\" rel=\"noopener noreferrer\">serveispersones@vilafant.cat<\/a>).<\/p>\n<p>M\u00e9s informaci\u00f3 i inscripcions:\u00a0<a href=\"http:\/\/www.vilafant.com\/vilaeducadora.php#8avilaeducadora\" target=\"_blank\" rel=\"nofollow noopener noreferrer\">http:\/\/www.vilafant.com\/vilaeducadora.php<\/a><\/p>\n<div><a href=\"https:\/\/sites.google.com\/a\/xtec.cat\/seae\/inici\/ixtrobadavilafantvilaeducadora\/image001.jpg?attredirects=0\"><img loading=\"lazy\" decoding=\"async\" class=\"aligncenter\" src=\"https:\/\/sites.google.com\/a\/xtec.cat\/seae\/_\/rsrc\/1550677765796\/inici\/ixtrobadavilafantvilaeducadora\/image001.jpg?height=283&amp;width=400\" width=\"400\" height=\"283\" border=\"0\" \/><\/a><\/div>\n","protected":false},"excerpt":{"rendered":"<p>9a Trobada &#8220;Vilafant, vila educadora&#8221; que se celebrar\u00e0 el\u00a0dissabte 16 de mar\u00e7 al CEIP les M\u00e8lies a partir de les 9.15\u202fh.<\/p>\n","protected":false},"author":4,"featured_media":8680,"comment_status":"closed","ping_status":"closed","sticky":false,"template":"","format":"standard","meta":{"_bbp_topic_count":0,"_bbp_reply_count":0,"_bbp_total_topic_count":0,"_bbp_total_reply_count":0,"_bbp_voice_count":0,"_bbp_anonymous_reply_count":0,"_bbp_topic_count_hidden":0,"_bbp_reply_count_hidden":0,"_bbp_forum_subforum_count":0,"site-sidebar-layout":"default","site-content-layout":"","ast-site-content-layout":"","site-content-style":"default","site-sidebar-style":"default","ast-global-header-display":"","ast-banner-title-visibility":"","ast-main-header-display":"","ast-hfb-above-header-display":"","ast-hfb-below-header-display":"","ast-hfb-mobile-header-display":"","site-post-title":"","ast-breadcrumbs-content":"","ast-featured-img":"","footer-sml-layout":"","theme-transparent-header-meta":"","adv-header-id-meta":"","stick-header-meta":"","header-above-stick-meta":"","header-main-stick-meta":"","header-below-stick-meta":"","astra-migrate-meta-layouts":"default","ast-page-background-enabled":"default","ast-page-background-meta":{"desktop":{"background-color":"var(--ast-global-color-4)","background-image":"","background-repeat":"repeat","background-position":"center center","background-size":"auto","background-attachment":"scroll","background-type":"","background-media":"","overlay-type":"","overlay-color":"","overlay-opacity":"","overlay-gradient":""},"tablet":{"background-color":"","background-image":"","background-repeat":"repeat","background-position":"center center","background-size":"auto","background-attachment":"scroll","background-type":"","background-media":"","overlay-type":"","overlay-color":"","overlay-opacity":"","overlay-gradient":""},"mobile":{"background-color":"","background-image":"","background-repeat":"repeat","background-position":"center center","background-size":"auto","background-attachment":"scroll","background-type":"","background-media":"","overlay-type":"","overlay-color":"","overlay-opacity":"","overlay-gradient":""}},"ast-content-background-meta":{"desktop":{"background-color":"var(--ast-global-color-5)","background-image":"","background-repeat":"repeat","background-position":"center center","background-size":"auto","background-attachment":"scroll","background-type":"","background-media":"","overlay-type":"","overlay-color":"","overlay-opacity":"","overlay-gradient":""},"tablet":{"background-color":"var(--ast-global-color-5)","background-image":"","background-repeat":"repeat","background-position":"center center","background-size":"auto","background-attachment":"scroll","background-type":"","background-media":"","overlay-type":"","overlay-color":"","overlay-opacity":"","overlay-gradient":""},"mobile":{"background-color":"var(--ast-global-color-5)","background-image":"","background-repeat":"repeat","background-position":"center center","background-size":"auto","background-attachment":"scroll","background-type":"","background-media":"","overlay-type":"","overlay-color":"","overlay-opacity":"","overlay-gradient":""}},"footnotes":""},"categories":[154,1,29],"tags":[293,292],"class_list":["post-8679","post","type-post","status-publish","format-standard","has-post-thumbnail","hentry","category-formacio","category-general","category-portada","tag-crp","tag-premsa"],"post_mailing_queue_ids":[],"_links":{"self":[{"href":"https:\/\/serveiseducatius.xtec.cat\/altemporda\/wp-json\/wp\/v2\/posts\/8679","targetHints":{"allow":["GET"]}}],"collection":[{"href":"https:\/\/serveiseducatius.xtec.cat\/altemporda\/wp-json\/wp\/v2\/posts"}],"about":[{"href":"https:\/\/serveiseducatius.xtec.cat\/altemporda\/wp-json\/wp\/v2\/types\/post"}],"author":[{"embeddable":true,"href":"https:\/\/serveiseducatius.xtec.cat\/altemporda\/wp-json\/wp\/v2\/users\/4"}],"replies":[{"embeddable":true,"href":"https:\/\/serveiseducatius.xtec.cat\/altemporda\/wp-json\/wp\/v2\/comments?post=8679"}],"version-history":[{"count":2,"href":"https:\/\/serveiseducatius.xtec.cat\/altemporda\/wp-json\/wp\/v2\/posts\/8679\/revisions"}],"predecessor-version":[{"id":8788,"href":"https:\/\/serveiseducatius.xtec.cat\/altemporda\/wp-json\/wp\/v2\/posts\/8679\/revisions\/8788"}],"wp:featuredmedia":[{"embeddable":true,"href":"https:\/\/serveiseducatius.xtec.cat\/altemporda\/wp-json\/wp\/v2\/media\/8680"}],"wp:attachment":[{"href":"https:\/\/serveiseducatius.xtec.cat\/altemporda\/wp-json\/wp\/v2\/media?parent=8679"}],"wp:term":[{"taxonomy":"category","embeddable":true,"href":"https:\/\/serveiseducatius.xtec.cat\/altemporda\/wp-json\/wp\/v2\/categories?post=8679"},{"taxonomy":"post_tag","embeddable":true,"href":"https:\/\/serveiseducatius.xtec.cat\/altemporda\/wp-json\/wp\/v2\/tags?post=8679"}],"curies":[{"name":"wp","href":"https:\/\/api.w.org\/{rel}","templated":true}]}}