{"id":28597,"date":"2026-09-04T14:08:46","date_gmt":"2026-09-04T12:08:46","guid":{"rendered":"https:\/\/serveiseducatius.xtec.cat\/altemporda\/?p=28597"},"modified":"2026-09-04T14:17:22","modified_gmt":"2026-09-04T12:17:22","slug":"taller-de-matematiques-a-laula","status":"publish","type":"post","link":"https:\/\/serveiseducatius.xtec.cat\/altemporda\/general\/taller-de-matematiques-a-laula\/","title":{"rendered":"Taller de matem\u00e0tiques a l&#8217;aula"},"content":{"rendered":"\n<figure class=\"wp-block-image size-large\"><img loading=\"lazy\" decoding=\"async\" width=\"1024\" height=\"576\" src=\"https:\/\/serveiseducatius.xtec.cat\/altemporda\/wp-content\/uploads\/usu1156\/2026\/09\/Com-apliquem-el-curriculum-de-matematiques-a-laula-1024x576.jpg\" alt=\"\" class=\"wp-image-28605\" srcset=\"https:\/\/serveiseducatius.xtec.cat\/altemporda\/wp-content\/uploads\/usu1156\/2026\/09\/Com-apliquem-el-curriculum-de-matematiques-a-laula-1024x576.jpg 1024w, https:\/\/serveiseducatius.xtec.cat\/altemporda\/wp-content\/uploads\/usu1156\/2026\/09\/Com-apliquem-el-curriculum-de-matematiques-a-laula-300x169.jpg 300w, https:\/\/serveiseducatius.xtec.cat\/altemporda\/wp-content\/uploads\/usu1156\/2026\/09\/Com-apliquem-el-curriculum-de-matematiques-a-laula-150x84.jpg 150w, https:\/\/serveiseducatius.xtec.cat\/altemporda\/wp-content\/uploads\/usu1156\/2026\/09\/Com-apliquem-el-curriculum-de-matematiques-a-laula-768x432.jpg 768w, https:\/\/serveiseducatius.xtec.cat\/altemporda\/wp-content\/uploads\/usu1156\/2026\/09\/Com-apliquem-el-curriculum-de-matematiques-a-laula-1536x864.jpg 1536w, https:\/\/serveiseducatius.xtec.cat\/altemporda\/wp-content\/uploads\/usu1156\/2026\/09\/Com-apliquem-el-curriculum-de-matematiques-a-laula.jpg 1920w\" sizes=\"auto, (max-width: 1024px) 100vw, 1024px\" \/><\/figure>\n\n\n\n<p><strong>Inscripcions obertes<\/strong><\/p>\n\n\n\n<p>La sessi\u00f3 combinar\u00e0 l&#8217;exposici\u00f3 dels aspectes clau del curr\u00edculum amb moments de reflexi\u00f3 i participaci\u00f3 dels assistents. A partir de l&#8217;an\u00e0lisi de les compet\u00e8ncies espec\u00edfiques, els sabers i els criteris d&#8217;avaluaci\u00f3, es presentaran exemples pr\u00e0ctics i es promour\u00e0 la reflexi\u00f3 compartida sobre la seva aplicaci\u00f3 a l&#8217;aula<\/p>\n","protected":false},"excerpt":{"rendered":"<p>La sessi\u00f3 combinar\u00e0 l&#8217;exposici\u00f3 dels aspectes clau del curr\u00edculum amb moments de reflexi\u00f3 i participaci\u00f3 dels assistents. A partir de l&#8217;an\u00e0lisi de les compet\u00e8ncies espec\u00edfiques, els sabers i els criteris d&#8217;avaluaci\u00f3, es presentaran exemples pr\u00e0ctics i es promour\u00e0 la reflexi\u00f3 compartida sobre la seva aplicaci\u00f3 a l&#8217;aula<\/p>\n","protected":false},"author":3,"featured_media":28599,"comment_status":"closed","ping_status":"open","sticky":false,"template":"","format":"standard","meta":{"_bbp_topic_count":0,"_bbp_reply_count":0,"_bbp_total_topic_count":0,"_bbp_total_reply_count":0,"_bbp_voice_count":0,"_bbp_anonymous_reply_count":0,"_bbp_topic_count_hidden":0,"_bbp_reply_count_hidden":0,"_bbp_forum_subforum_count":0,"site-sidebar-layout":"default","site-content-layout":"","ast-site-content-layout":"default","site-content-style":"default","site-sidebar-style":"default","ast-global-header-display":"","ast-banner-title-visibility":"","ast-main-header-display":"","ast-hfb-above-header-display":"","ast-hfb-below-header-display":"","ast-hfb-mobile-header-display":"","site-post-title":"","ast-breadcrumbs-content":"","ast-featured-img":"disabled","footer-sml-layout":"","theme-transparent-header-meta":"","adv-header-id-meta":"","stick-header-meta":"","header-above-stick-meta":"","header-main-stick-meta":"","header-below-stick-meta":"","astra-migrate-meta-layouts":"set","ast-page-background-enabled":"default","ast-page-background-meta":{"desktop":{"background-color":"var(--ast-global-color-4)","background-image":"","background-repeat":"repeat","background-position":"center center","background-size":"auto","background-attachment":"scroll","background-type":"","background-media":"","overlay-type":"","overlay-color":"","overlay-opacity":"","overlay-gradient":""},"tablet":{"background-color":"","background-image":"","background-repeat":"repeat","background-position":"center center","background-size":"auto","background-attachment":"scroll","background-type":"","background-media":"","overlay-type":"","overlay-color":"","overlay-opacity":"","overlay-gradient":""},"mobile":{"background-color":"","background-image":"","background-repeat":"repeat","background-position":"center center","background-size":"auto","background-attachment":"scroll","background-type":"","background-media":"","overlay-type":"","overlay-color":"","overlay-opacity":"","overlay-gradient":""}},"ast-content-background-meta":{"desktop":{"background-color":"var(--ast-global-color-5)","background-image":"","background-repeat":"repeat","background-position":"center center","background-size":"auto","background-attachment":"scroll","background-type":"","background-media":"","overlay-type":"","overlay-color":"","overlay-opacity":"","overlay-gradient":""},"tablet":{"background-color":"var(--ast-global-color-5)","background-image":"","background-repeat":"repeat","background-position":"center center","background-size":"auto","background-attachment":"scroll","background-type":"","background-media":"","overlay-type":"","overlay-color":"","overlay-opacity":"","overlay-gradient":""},"mobile":{"background-color":"var(--ast-global-color-5)","background-image":"","background-repeat":"repeat","background-position":"center center","background-size":"auto","background-attachment":"scroll","background-type":"","background-media":"","overlay-type":"","overlay-color":"","overlay-opacity":"","overlay-gradient":""}},"footnotes":""},"categories":[305,1,29],"tags":[172,41,207],"class_list":["post-28597","post","type-post","status-publish","format-standard","has-post-thumbnail","hentry","category-coses-del-curriculum","category-general","category-portada","tag-educacio-primaria","tag-matematiques","tag-professorat"],"post_mailing_queue_ids":[],"_links":{"self":[{"href":"https:\/\/serveiseducatius.xtec.cat\/altemporda\/wp-json\/wp\/v2\/posts\/28597","targetHints":{"allow":["GET"]}}],"collection":[{"href":"https:\/\/serveiseducatius.xtec.cat\/altemporda\/wp-json\/wp\/v2\/posts"}],"about":[{"href":"https:\/\/serveiseducatius.xtec.cat\/altemporda\/wp-json\/wp\/v2\/types\/post"}],"author":[{"embeddable":true,"href":"https:\/\/serveiseducatius.xtec.cat\/altemporda\/wp-json\/wp\/v2\/users\/3"}],"replies":[{"embeddable":true,"href":"https:\/\/serveiseducatius.xtec.cat\/altemporda\/wp-json\/wp\/v2\/comments?post=28597"}],"version-history":[{"count":3,"href":"https:\/\/serveiseducatius.xtec.cat\/altemporda\/wp-json\/wp\/v2\/posts\/28597\/revisions"}],"predecessor-version":[{"id":28606,"href":"https:\/\/serveiseducatius.xtec.cat\/altemporda\/wp-json\/wp\/v2\/posts\/28597\/revisions\/28606"}],"wp:featuredmedia":[{"embeddable":true,"href":"https:\/\/serveiseducatius.xtec.cat\/altemporda\/wp-json\/wp\/v2\/media\/28599"}],"wp:attachment":[{"href":"https:\/\/serveiseducatius.xtec.cat\/altemporda\/wp-json\/wp\/v2\/media?parent=28597"}],"wp:term":[{"taxonomy":"category","embeddable":true,"href":"https:\/\/serveiseducatius.xtec.cat\/altemporda\/wp-json\/wp\/v2\/categories?post=28597"},{"taxonomy":"post_tag","embeddable":true,"href":"https:\/\/serveiseducatius.xtec.cat\/altemporda\/wp-json\/wp\/v2\/tags?post=28597"}],"curies":[{"name":"wp","href":"https:\/\/api.w.org\/{rel}","templated":true}]}}