{"id":28548,"date":"2026-09-02T10:28:07","date_gmt":"2026-09-02T08:28:07","guid":{"rendered":"https:\/\/serveiseducatius.xtec.cat\/altemporda\/?p=28548"},"modified":"2026-09-02T10:29:47","modified_gmt":"2026-09-02T08:29:47","slug":"31a-setmana-de-la-ciencia","status":"publish","type":"post","link":"https:\/\/serveiseducatius.xtec.cat\/altemporda\/general\/31a-setmana-de-la-ciencia\/","title":{"rendered":"31a Setmana de la Ci\u00e8ncia"},"content":{"rendered":"\n<p>Com cada any per aquestes dates, ens adrecem a vosaltres per informar-vos que, del&nbsp;<strong>6 al 15 de novembre<\/strong>, se celebrar\u00e0 a Catalunya la&nbsp;<strong>31a edici\u00f3 de la&nbsp;Setmana&nbsp;de la&nbsp;Ci\u00e8ncia<\/strong>, una iniciativa que t\u00e9 com a objectiu apropar la&nbsp;ci\u00e8ncia&nbsp;i la tecnologia a la ciutadania.<br><br>Amb motiu de la commemoraci\u00f3 de l&#8217;<strong>Any Gaud\u00ed<\/strong>, enguany la&nbsp;Setmana&nbsp;de la&nbsp;Ci\u00e8ncia&nbsp;tindr\u00e0 com a eix tem\u00e0tic la figura i l&#8217;obra d&#8217;<strong>Antoni Gaud\u00ed<\/strong>, posant en valor el seu llegat arquitect\u00f2nic, la seva creativitat i la manera com va integrar la natura, l&#8217;art i la innovaci\u00f3 en les seves construccions.<br>A m\u00e9s, tamb\u00e9 commemorarem altres efem\u00e8rides destacades, com ara:<\/p>\n\n\n\n<ul class=\"wp-block-list\">\n<li>l&#8217;<strong>Any del Voluntariat per al Desenvolupament Sostenible<\/strong>;<\/li>\n\n\n\n<li>els\u00a0<strong>150 anys de la mort d&#8217;Ildefons Cerd\u00e0<\/strong>, enginyer i urbanista;<\/li>\n\n\n\n<li>els\u00a0<strong>100 anys del naixement de Maria del Tura de Bol\u00f2s<\/strong>, ge\u00f2grafa especialitzada en biogeografia i\u00a0ci\u00e8ncia\u00a0del paisatge;<\/li>\n\n\n\n<li>els\u00a0<strong>100 anys del naixement de Marta Mata<\/strong>, pedagoga i investigadora en l&#8217;ensenyament de la llengua catalana;<\/li>\n\n\n\n<li>i\u00a0els\u00a0<strong>150 anys del Centre Excursionista de Catalunya<\/strong>, que t\u00e9 el seu origen en l&#8217;Associaci\u00f3 Catalanista d&#8217;Excursions Cient\u00edfiques, fundada l&#8217;any 1876.<\/li>\n<\/ul>\n\n\n\n<p>La&nbsp;Setmana&nbsp;de la&nbsp;Ci\u00e8ncia&nbsp;tamb\u00e9 posar\u00e0 l&#8217;accent en dos esdeveniments cient\u00edfics d&#8217;especial rellev\u00e0ncia. D&#8217;una banda, la seq\u00fc\u00e8ncia excepcional de dos eclipsis totals de Sol i un eclipsi anular visibles des de la pen\u00ednsula Ib\u00e8rica entre els anys 2026 i 2028, una oportunitat \u00fanica per impulsar la divulgaci\u00f3 astron\u00f2mica. De l&#8217;altra, la celebraci\u00f3 a Barcelona del&nbsp;<strong>FENS Forum 2026<\/strong>, el principal congr\u00e9s europeu de neuroci\u00e8ncia, que promour\u00e0 diverses activitats divulgatives per donar a con\u00e8ixer els aven\u00e7os i els reptes d&#8217;aquest \u00e0mbit.<br><br>Durant la&nbsp;Setmana&nbsp;de la&nbsp;Ci\u00e8ncia&nbsp;2026&nbsp;<strong>volem que tothom pugui viure i experimentar la&nbsp;ci\u00e8ncia&nbsp;que es fa al nostre pa\u00eds<\/strong>. Per aix\u00f2, independentment de la tem\u00e0tica,&nbsp;<strong>totes les activitats vinculades a la&nbsp;ci\u00e8ncia, la tecnologia i la innovaci\u00f3<\/strong>, enteses en un sentit ampli,&nbsp;<strong>tenen cabuda en la programaci\u00f3 d&#8217;activitats gratu\u00eftes i obertes a tota la ciutadania<\/strong>.<br><br>Per tal que les vostres activitats apareguin al programa de la&nbsp;Setmana&nbsp;de la&nbsp;Ci\u00e8ncia, caldr\u00e0 que les introdu\u00efu al web&nbsp;<a href=\"https:\/\/us.list-manage.com\/11ITuoCFer_?e=b1526001d5&amp;c2id=deaa005fa6e7d225a08b0dc82bf3a551\" target=\"_blank\" rel=\"noreferrer noopener\">www.setmanaciencia.cat<\/a>. Si \u00e9s el primer any que hi participeu, abans haureu de&nbsp;<a href=\"https:\/\/us.list-manage.com\/11FGju_Up3q?e=b1526001d5&amp;c2id=deaa005fa6e7d225a08b0dc82bf3a551\" target=\"_blank\" rel=\"noreferrer noopener\">registrar-vos-hi<\/a>. Un cop completat el registre, rebreu un correu electr\u00f2nic per validar l&#8217;alta al sistema i, a continuaci\u00f3, podreu introduir les dades de la vostra entitat i donar d&#8217;alta les activitats.<br><br>Us adjuntem el&nbsp;<a href=\"https:\/\/us.list-manage.com\/uDhprakK_VZ?e=b1526001d5&amp;c2id=deaa005fa6e7d225a08b0dc82bf3a551\" target=\"_blank\" rel=\"noreferrer noopener\">dossier informatiu<\/a>&nbsp;de la&nbsp;Setmana&nbsp;de la&nbsp;Ci\u00e8ncia&nbsp;2026, on trobareu informaci\u00f3 m\u00e9s detallada sobre aquesta edici\u00f3.<br>Per a qualsevol aclariment o suggeriment, no dubteu a posar-vos en contacte amb nosaltres al tel\u00e8fon&nbsp;<strong>93 268 77 13&nbsp;<\/strong>o a trav\u00e9s de l&#8217;adre\u00e7a electr\u00f2nica&nbsp;<a href=\"mailto:setci@fcri.cat\" target=\"_blank\" rel=\"noreferrer noopener\">setci@fcri.cat<\/a><\/p>\n\n\n\n<figure class=\"wp-block-image size-full is-resized\"><img loading=\"lazy\" decoding=\"async\" width=\"663\" height=\"95\" src=\"https:\/\/serveiseducatius.xtec.cat\/altemporda\/wp-content\/uploads\/usu1156\/2026\/09\/image-1.png\" alt=\"\" class=\"wp-image-28550\" style=\"width:670px;height:auto\" srcset=\"https:\/\/serveiseducatius.xtec.cat\/altemporda\/wp-content\/uploads\/usu1156\/2026\/09\/image-1.png 663w, https:\/\/serveiseducatius.xtec.cat\/altemporda\/wp-content\/uploads\/usu1156\/2026\/09\/image-1-300x43.png 300w, https:\/\/serveiseducatius.xtec.cat\/altemporda\/wp-content\/uploads\/usu1156\/2026\/09\/image-1-150x21.png 150w\" sizes=\"auto, (max-width: 663px) 100vw, 663px\" \/><\/figure>\n","protected":false},"excerpt":{"rendered":"<p>Del\u00a06 al 15 de novembre, se celebrar\u00e0 a Catalunya la\u00a031a edici\u00f3 de la\u00a0Setmana\u00a0de la\u00a0Ci\u00e8ncia, una iniciativa que t\u00e9 com a objectiu apropar la\u00a0ci\u00e8ncia\u00a0i la tecnologia a la ciutadania.<\/p>\n","protected":false},"author":3,"featured_media":28554,"comment_status":"closed","ping_status":"open","sticky":false,"template":"","format":"standard","meta":{"_bbp_topic_count":0,"_bbp_reply_count":0,"_bbp_total_topic_count":0,"_bbp_total_reply_count":0,"_bbp_voice_count":0,"_bbp_anonymous_reply_count":0,"_bbp_topic_count_hidden":0,"_bbp_reply_count_hidden":0,"_bbp_forum_subforum_count":0,"site-sidebar-layout":"default","site-content-layout":"","ast-site-content-layout":"default","site-content-style":"default","site-sidebar-style":"default","ast-global-header-display":"","ast-banner-title-visibility":"","ast-main-header-display":"","ast-hfb-above-header-display":"","ast-hfb-below-header-display":"","ast-hfb-mobile-header-display":"","site-post-title":"","ast-breadcrumbs-content":"","ast-featured-img":"disabled","footer-sml-layout":"","theme-transparent-header-meta":"","adv-header-id-meta":"","stick-header-meta":"","header-above-stick-meta":"","header-main-stick-meta":"","header-below-stick-meta":"","astra-migrate-meta-layouts":"set","ast-page-background-enabled":"default","ast-page-background-meta":{"desktop":{"background-color":"var(--ast-global-color-4)","background-image":"","background-repeat":"repeat","background-position":"center center","background-size":"auto","background-attachment":"scroll","background-type":"","background-media":"","overlay-type":"","overlay-color":"","overlay-opacity":"","overlay-gradient":""},"tablet":{"background-color":"","background-image":"","background-repeat":"repeat","background-position":"center center","background-size":"auto","background-attachment":"scroll","background-type":"","background-media":"","overlay-type":"","overlay-color":"","overlay-opacity":"","overlay-gradient":""},"mobile":{"background-color":"","background-image":"","background-repeat":"repeat","background-position":"center center","background-size":"auto","background-attachment":"scroll","background-type":"","background-media":"","overlay-type":"","overlay-color":"","overlay-opacity":"","overlay-gradient":""}},"ast-content-background-meta":{"desktop":{"background-color":"var(--ast-global-color-5)","background-image":"","background-repeat":"repeat","background-position":"center center","background-size":"auto","background-attachment":"scroll","background-type":"","background-media":"","overlay-type":"","overlay-color":"","overlay-opacity":"","overlay-gradient":""},"tablet":{"background-color":"var(--ast-global-color-5)","background-image":"","background-repeat":"repeat","background-position":"center center","background-size":"auto","background-attachment":"scroll","background-type":"","background-media":"","overlay-type":"","overlay-color":"","overlay-opacity":"","overlay-gradient":""},"mobile":{"background-color":"var(--ast-global-color-5)","background-image":"","background-repeat":"repeat","background-position":"center center","background-size":"auto","background-attachment":"scroll","background-type":"","background-media":"","overlay-type":"","overlay-color":"","overlay-opacity":"","overlay-gradient":""}},"footnotes":""},"categories":[418,308,309,1,29],"tags":[250,86,172,179,207],"class_list":["post-28548","post","type-post","status-publish","format-standard","has-post-thumbnail","hentry","category-ciencia-compromesa","category-pri","category-sec","category-general","category-portada","tag-ciencia","tag-ciencies","tag-educacio-primaria","tag-educacio-secundaria","tag-professorat"],"post_mailing_queue_ids":[],"_links":{"self":[{"href":"https:\/\/serveiseducatius.xtec.cat\/altemporda\/wp-json\/wp\/v2\/posts\/28548","targetHints":{"allow":["GET"]}}],"collection":[{"href":"https:\/\/serveiseducatius.xtec.cat\/altemporda\/wp-json\/wp\/v2\/posts"}],"about":[{"href":"https:\/\/serveiseducatius.xtec.cat\/altemporda\/wp-json\/wp\/v2\/types\/post"}],"author":[{"embeddable":true,"href":"https:\/\/serveiseducatius.xtec.cat\/altemporda\/wp-json\/wp\/v2\/users\/3"}],"replies":[{"embeddable":true,"href":"https:\/\/serveiseducatius.xtec.cat\/altemporda\/wp-json\/wp\/v2\/comments?post=28548"}],"version-history":[{"count":2,"href":"https:\/\/serveiseducatius.xtec.cat\/altemporda\/wp-json\/wp\/v2\/posts\/28548\/revisions"}],"predecessor-version":[{"id":28553,"href":"https:\/\/serveiseducatius.xtec.cat\/altemporda\/wp-json\/wp\/v2\/posts\/28548\/revisions\/28553"}],"wp:featuredmedia":[{"embeddable":true,"href":"https:\/\/serveiseducatius.xtec.cat\/altemporda\/wp-json\/wp\/v2\/media\/28554"}],"wp:attachment":[{"href":"https:\/\/serveiseducatius.xtec.cat\/altemporda\/wp-json\/wp\/v2\/media?parent=28548"}],"wp:term":[{"taxonomy":"category","embeddable":true,"href":"https:\/\/serveiseducatius.xtec.cat\/altemporda\/wp-json\/wp\/v2\/categories?post=28548"},{"taxonomy":"post_tag","embeddable":true,"href":"https:\/\/serveiseducatius.xtec.cat\/altemporda\/wp-json\/wp\/v2\/tags?post=28548"}],"curies":[{"name":"wp","href":"https:\/\/api.w.org\/{rel}","templated":true}]}}