{"id":27782,"date":"2026-04-29T17:13:52","date_gmt":"2026-04-29T15:13:52","guid":{"rendered":"https:\/\/serveiseducatius.xtec.cat\/altemporda\/?p=27782"},"modified":"2026-04-29T17:16:59","modified_gmt":"2026-04-29T15:16:59","slug":"jornada-dintercanvi-dexperiencies-en-altes-capacitats-compartim-coneixement-per-avancar-plegats-pri-i-sec-9-05-26","status":"publish","type":"post","link":"https:\/\/serveiseducatius.xtec.cat\/altemporda\/general\/jornada-dintercanvi-dexperiencies-en-altes-capacitats-compartim-coneixement-per-avancar-plegats-pri-i-sec-9-05-26\/","title":{"rendered":"Jornada d&#8217;intercanvi d&#8217;experi\u00e8ncies en altes capacitats : Compartim coneixement per avan\u00e7ar plegats (PRI i SEC) (9\/05\/26):"},"content":{"rendered":"\n<p>La comunitat educativa t\u00e9 una nova oportunitat per trobar-se, aprendre i compartir pr\u00e0ctiques al voltant de l\u2019atenci\u00f3 a l\u2019alumnat amb altes capacitats. El proper&nbsp;<strong>9 de maig de 2026<\/strong>, de&nbsp;<strong>9 a 14 h<\/strong>, tindr\u00e0 lloc la jornada&nbsp;<strong>\u201cLes altes capacitats: entre tots podem. Bones pr\u00e0ctiques de prim\u00e0ria i secund\u00e0ria\u201d<\/strong>, a l\u2019<strong>Auditori Josep Irla de Girona.<\/strong><\/p>\n\n\n\n<p>Aquesta trobada vol esdevenir un espai d\u2019intercanvi real entre professionals, on con\u00e8ixer experi\u00e8ncies reeixides i generar noves idees per millorar la resposta educativa a aquest alumnat.<\/p>\n\n\n\n<figure class=\"wp-block-image aligncenter size-full is-resized\"><img loading=\"lazy\" decoding=\"async\" width=\"724\" height=\"1024\" src=\"https:\/\/serveiseducatius.xtec.cat\/altemporda\/wp-content\/uploads\/usu1156\/2026\/04\/altes-capacitats.jpg\" alt=\"\" class=\"wp-image-27783\" style=\"width:322px;height:auto\" srcset=\"https:\/\/serveiseducatius.xtec.cat\/altemporda\/wp-content\/uploads\/usu1156\/2026\/04\/altes-capacitats.jpg 724w, https:\/\/serveiseducatius.xtec.cat\/altemporda\/wp-content\/uploads\/usu1156\/2026\/04\/altes-capacitats-212x300.jpg 212w, https:\/\/serveiseducatius.xtec.cat\/altemporda\/wp-content\/uploads\/usu1156\/2026\/04\/altes-capacitats-106x150.jpg 106w\" sizes=\"auto, (max-width: 724px) 100vw, 724px\" \/><\/figure>\n\n\n\n<h3 class=\"wp-block-heading\">Un programa orientat a la pr\u00e0ctica i la col\u00b7laboraci\u00f3<\/h3>\n\n\n\n<p>La jornada combina pon\u00e8ncies i espais de debat amb un enfocament clarament aplicat:<\/p>\n\n\n\n<ul class=\"wp-block-list\">\n<li>09:00 \u2013 09:30 h Obertura<\/li>\n\n\n\n<li>09:30 \u2013 10:30 h Xerrada inicial: Una proposta reeixida d\u2019atenci\u00f3 als alumnes amb notables aptituds<br>Projecte d\u2019enriquiment de l\u2019Institut Ramon Muntaner<\/li>\n\n\n\n<li>10:30 \u2013 11:15 h Pausa-Caf\u00e8: Un caf\u00e8, mil propostes<\/li>\n\n\n\n<li>11:15 \u2013 12:15 h Taula de prim\u00e0ria: Despertar potencials: experi\u00e8ncies amb alumnat de altes capacitats<\/li>\n\n\n\n<li>12:15 \u2013 13:15 h Taula de secund\u00e0ria: Compartint pr\u00e0ctiques amb alumnat de altes capacitats<\/li>\n\n\n\n<li>13:15 \u2013 14:00 h Tancament<\/li>\n<\/ul>\n\n\n\n<p>Aquesta jornada \u00e9s una oportunitat per con\u00e8ixer bones pr\u00e0ctiques reals aplicades als centres, compartir experi\u00e8ncies amb altres docents i professionals, reflexionar conjuntament sobre com millorar la resposta educativa i enfortir la xarxa de professionals compromesos amb l\u2019educaci\u00f3 inclusiva.<\/p>\n\n\n\n<h3 class=\"wp-block-heading\">Inscripci\u00f3<\/h3>\n\n\n\n<p>Les persones del Departament d\u2019Educaci\u00f3 i Formaci\u00f3 Professional interessades a assistir a la jornada poden formalitzar la&nbsp;<a href=\"https:\/\/aplicacions.gestioeducativa.gencat.cat\/ords\/pls\/soloas\/pk_for_mod_ins.p_for_detall_activitat?p_header=Llista%20d%27activitats%5Epk_for_mod_ins.p_for_cons_activitats?p_totes=N%26p_inici=1%26p_excloure_crp_rec=T&amp;p_codi=9003060512&amp;p_curs=2025-2026&amp;p_es_inscr=S\" target=\"_blank\" rel=\"noreferrer noopener\"><strong>inscripci\u00f3 a trav\u00e9s d\u2019aquest enlla\u00e7<\/strong><\/a>. La resta de persones interessades poden&nbsp;<a href=\"https:\/\/www.udg.edu\/ca\/coneix\/actes-institucionals\/jornada\" target=\"_blank\" rel=\"noreferrer noopener\"><strong>inscriure-s\u2019hi mitjan\u00e7ant aquest altre enlla\u00e7.<\/strong><\/a><\/p>\n\n\n\n<p><\/p>\n","protected":false},"excerpt":{"rendered":"<p>El proper\u00a09 de maig de 2026, de\u00a09 a 14 h, tindr\u00e0 lloc la jornada\u00a0\u201cLes altes capacitats: entre tots podem. Bones pr\u00e0ctiques de prim\u00e0ria i secund\u00e0ria\u201d, a l\u2019Auditori Josep Irla de Girona.<\/p>\n","protected":false},"author":3,"featured_media":27789,"comment_status":"closed","ping_status":"open","sticky":false,"template":"","format":"standard","meta":{"_bbp_topic_count":0,"_bbp_reply_count":0,"_bbp_total_topic_count":0,"_bbp_total_reply_count":0,"_bbp_voice_count":0,"_bbp_anonymous_reply_count":0,"_bbp_topic_count_hidden":0,"_bbp_reply_count_hidden":0,"_bbp_forum_subforum_count":0,"site-sidebar-layout":"default","site-content-layout":"","ast-site-content-layout":"default","site-content-style":"default","site-sidebar-style":"default","ast-global-header-display":"","ast-banner-title-visibility":"","ast-main-header-display":"","ast-hfb-above-header-display":"","ast-hfb-below-header-display":"","ast-hfb-mobile-header-display":"","site-post-title":"","ast-breadcrumbs-content":"","ast-featured-img":"","footer-sml-layout":"","theme-transparent-header-meta":"","adv-header-id-meta":"","stick-header-meta":"","header-above-stick-meta":"","header-main-stick-meta":"","header-below-stick-meta":"","astra-migrate-meta-layouts":"set","ast-page-background-enabled":"default","ast-page-background-meta":{"desktop":{"background-color":"var(--ast-global-color-4)","background-image":"","background-repeat":"repeat","background-position":"center center","background-size":"auto","background-attachment":"scroll","background-type":"","background-media":"","overlay-type":"","overlay-color":"","overlay-opacity":"","overlay-gradient":""},"tablet":{"background-color":"","background-image":"","background-repeat":"repeat","background-position":"center center","background-size":"auto","background-attachment":"scroll","background-type":"","background-media":"","overlay-type":"","overlay-color":"","overlay-opacity":"","overlay-gradient":""},"mobile":{"background-color":"","background-image":"","background-repeat":"repeat","background-position":"center center","background-size":"auto","background-attachment":"scroll","background-type":"","background-media":"","overlay-type":"","overlay-color":"","overlay-opacity":"","overlay-gradient":""}},"ast-content-background-meta":{"desktop":{"background-color":"var(--ast-global-color-5)","background-image":"","background-repeat":"repeat","background-position":"center center","background-size":"auto","background-attachment":"scroll","background-type":"","background-media":"","overlay-type":"","overlay-color":"","overlay-opacity":"","overlay-gradient":""},"tablet":{"background-color":"var(--ast-global-color-5)","background-image":"","background-repeat":"repeat","background-position":"center center","background-size":"auto","background-attachment":"scroll","background-type":"","background-media":"","overlay-type":"","overlay-color":"","overlay-opacity":"","overlay-gradient":""},"mobile":{"background-color":"var(--ast-global-color-5)","background-image":"","background-repeat":"repeat","background-position":"center center","background-size":"auto","background-attachment":"scroll","background-type":"","background-media":"","overlay-type":"","overlay-color":"","overlay-opacity":"","overlay-gradient":""}},"footnotes":""},"categories":[1,29],"tags":[172,179,207],"class_list":["post-27782","post","type-post","status-publish","format-standard","has-post-thumbnail","hentry","category-general","category-portada","tag-educacio-primaria","tag-educacio-secundaria","tag-professorat"],"post_mailing_queue_ids":[],"_links":{"self":[{"href":"https:\/\/serveiseducatius.xtec.cat\/altemporda\/wp-json\/wp\/v2\/posts\/27782","targetHints":{"allow":["GET"]}}],"collection":[{"href":"https:\/\/serveiseducatius.xtec.cat\/altemporda\/wp-json\/wp\/v2\/posts"}],"about":[{"href":"https:\/\/serveiseducatius.xtec.cat\/altemporda\/wp-json\/wp\/v2\/types\/post"}],"author":[{"embeddable":true,"href":"https:\/\/serveiseducatius.xtec.cat\/altemporda\/wp-json\/wp\/v2\/users\/3"}],"replies":[{"embeddable":true,"href":"https:\/\/serveiseducatius.xtec.cat\/altemporda\/wp-json\/wp\/v2\/comments?post=27782"}],"version-history":[{"count":5,"href":"https:\/\/serveiseducatius.xtec.cat\/altemporda\/wp-json\/wp\/v2\/posts\/27782\/revisions"}],"predecessor-version":[{"id":27788,"href":"https:\/\/serveiseducatius.xtec.cat\/altemporda\/wp-json\/wp\/v2\/posts\/27782\/revisions\/27788"}],"wp:featuredmedia":[{"embeddable":true,"href":"https:\/\/serveiseducatius.xtec.cat\/altemporda\/wp-json\/wp\/v2\/media\/27789"}],"wp:attachment":[{"href":"https:\/\/serveiseducatius.xtec.cat\/altemporda\/wp-json\/wp\/v2\/media?parent=27782"}],"wp:term":[{"taxonomy":"category","embeddable":true,"href":"https:\/\/serveiseducatius.xtec.cat\/altemporda\/wp-json\/wp\/v2\/categories?post=27782"},{"taxonomy":"post_tag","embeddable":true,"href":"https:\/\/serveiseducatius.xtec.cat\/altemporda\/wp-json\/wp\/v2\/tags?post=27782"}],"curies":[{"name":"wp","href":"https:\/\/api.w.org\/{rel}","templated":true}]}}