{"id":27119,"date":"2026-03-03T10:32:38","date_gmt":"2026-03-03T09:32:38","guid":{"rendered":"https:\/\/serveiseducatius.xtec.cat\/altemporda\/?p=27119"},"modified":"2026-03-06T08:24:46","modified_gmt":"2026-03-06T07:24:46","slug":"recursos-per-treballar-el-8m-dia-internacional-de-les-dones","status":"publish","type":"post","link":"https:\/\/serveiseducatius.xtec.cat\/altemporda\/general\/recursos-per-treballar-el-8m-dia-internacional-de-les-dones\/","title":{"rendered":"Recursos per treballar el 8M (Dia internacional de les Dones)"},"content":{"rendered":"<p>Per commemorar \u00a0el\u00a0<b>Dia internacional de les dones,\u00a0<span class=\"il\">8<\/span>\u00a0de\u00a0<span class=\"il\">mar\u00e7<\/span><\/b>,\u00a0 us compartim la\u00a0<a href=\"https:\/\/xtec.gencat.cat\/ca\/centres\/celebracions\/2026\/dia-internacional-de-les-dones\/\"><strong>proposta d\u2019activitats\u00a0<\/strong>de la<strong>\u00a0XTEC<\/strong><\/a> per a sensibilitzar l\u2019alumnat (infantil, prim\u00e0ria, secund\u00e0ria i batxillerat) i tota la comunitat educativa. Tamb\u00e9 trobareu d\u2019altres recursos interessants en els seg\u00fcents enlla\u00e7os:<img loading=\"lazy\" decoding=\"async\" class=\"wp-image-27123 alignright\" src=\"https:\/\/serveiseducatius.xtec.cat\/altemporda\/wp-content\/uploads\/usu1156\/2026\/03\/Gemini_Generated_Image_r9ud5zr9ud5zr9ud-1024x559.png\" alt=\"\" width=\"407\" height=\"222\" srcset=\"https:\/\/serveiseducatius.xtec.cat\/altemporda\/wp-content\/uploads\/usu1156\/2026\/03\/Gemini_Generated_Image_r9ud5zr9ud5zr9ud-1024x559.png 1024w, https:\/\/serveiseducatius.xtec.cat\/altemporda\/wp-content\/uploads\/usu1156\/2026\/03\/Gemini_Generated_Image_r9ud5zr9ud5zr9ud-300x164.png 300w, https:\/\/serveiseducatius.xtec.cat\/altemporda\/wp-content\/uploads\/usu1156\/2026\/03\/Gemini_Generated_Image_r9ud5zr9ud5zr9ud-768x419.png 768w, https:\/\/serveiseducatius.xtec.cat\/altemporda\/wp-content\/uploads\/usu1156\/2026\/03\/Gemini_Generated_Image_r9ud5zr9ud5zr9ud.png 1408w\" sizes=\"auto, (max-width: 407px) 100vw, 407px\" \/><\/p>\n<ul>\n<li>\n<p style=\"text-align: justify;\">La <a href=\"https:\/\/altemporda.mediateca.cat\/recurs\/maleta-lila-ni-princeses-ni-pirates\/\">Maleta Lila<\/a>, disponible a la mediateca del SEAE. La maleta neix amb l\u2019objectiu d\u2019oferir una selecci\u00f3 de contes, \u00e0lbums il\u00b7lustrats i llibres per a docents d\u2019educaci\u00f3 infantil i prim\u00e0ria de la comarca amb inquietud per incorporar la mirada coeducadora en les seves pr\u00e0ctiques a trav\u00e9s de la lectura<\/p>\n<\/li>\n<li class=\"CDt4Ke zfr3Q\" dir=\"ltr\" style=\"text-align: justify;\"><a href=\"https:\/\/www.rosasensat.org\/perspectiva-de-genere-i-coeducacio-lectures-infantils-i-juvenils-per-treballar-dins-i-fora-laula\/\" target=\"_blank\" rel=\"noopener\">Recomanacions lectores en perspectiva de g\u00e8nere<\/a> de l\u2019Associaci\u00f3 Rosa Sensat.<\/li>\n<li dir=\"ltr\" style=\"text-align: justify;\">El servei de curr\u00edculum del Departament d\u2019Educaci\u00f3 ha creat el programa COEDUCA\u2019T per ajudar als centres educatius a potenciar i visibilitzar la\u00a0<strong>perspectiva de g\u00e8nere, la coeducaci\u00f3 i l\u2019educaci\u00f3 afectivosexual<\/strong>. Per accedir al web cliqueu\u00a0<a href=\"https:\/\/blocs.xtec.cat\/coeducacioiigualtat\/\" target=\"_blank\" rel=\"noopener noreferrer\">aqu\u00ed<\/a>.<\/li>\n<li style=\"text-align: justify;\"><a href=\"https:\/\/escoles.fundesplai.org\/blog\/lleure\/9-activitats-pel-8-de-marc-a-lescola-i-lesplai\/\">Fundesplai<\/a><\/li>\n<li><a href=\"https:\/\/www.ub.edu\/idp-educacio\/2026\/03\/04\/recull-de-recursos-per-treballar-el-8-de-marc-als-centres-educatius\/\">Institut de Dessenvolupament professional de la UB<\/a>. Recursos per treballar el 8M<\/li>\n<li style=\"text-align: justify;\"><a href=\"https:\/\/serveiseducatius.xtec.cat\/cesire\/recurs-eco2\/cpge\/\">CESIRE\u00a0 <\/a>Eines per incorporar la perspectiva de g\u00e8nere a l&#8217;aula. <a href=\"https:\/\/serveiseducatius.xtec.cat\/cesire\/recurs-eco2\/trenquem-els-estereotips-de-genere-a-laula-com-educar-en-igualtat-a-infantil-i-primaria\/\">Trenquem estereotips de g\u00e8nere a l&#8217;Aula!<\/a><\/li>\n<li><a href=\"https:\/\/drive.google.com\/file\/d\/1ktcosNyWdLKtHMGj1tYAJ4UwKowESRkR\/view\">ARC<\/a><\/li>\n<li>EduCAC <a href=\"https:\/\/www.educac.cat\/actualitat\/laudiovisual-i-la-construccio-del-genere\">Prendre perspectiva (de g\u00e8nere)<\/a><\/li>\n<li>La <a href=\"https:\/\/candela.cat\/qui-som\/\">Cooperativa Candela<\/a> ofereix propostes de cinematografia sobre models de feminitat i masculinitat, entre altre.<\/li>\n<li class=\"CDt4Ke zfr3Q\" dir=\"ltr\"><a class=\"XqQF9c rXJpyf\" href=\"https:\/\/www.google.com\/url?q=https%3A%2F%2Fwww.educaciontrespuntocero.com%2Frecursos%2Frecursos-trabajar-dia-de-la-mujer%2F&amp;sa=D&amp;sntz=1&amp;usg=AOvVaw12Pl7FSTN4l2FnLkksl_AZ\" target=\"_blank\" rel=\"noopener\">Recursos per a treballar el Dia de la Dona dins l\u2019aula<\/a>. Educaci\u00f3n 3.0<\/li>\n<li class=\"CDt4Ke zfr3Q\" dir=\"ltr\"><a class=\"XqQF9c rXJpyf\" href=\"https:\/\/www.google.com\/url?q=https%3A%2F%2Fwww.educaciontrespuntocero.com%2Frecursos%2Frecursos-para-ensenar-feminismo%2F&amp;sa=D&amp;sntz=1&amp;usg=AOvVaw2FZP4N4kt-07O5pAPHzX_K\" target=\"_blank\" rel=\"noopener\">Recursos per ensenyar feminisme a secund\u00e0ria i batxillerat<\/a>. Educaci\u00f3n 3.0<\/li>\n<li dir=\"ltr\"><a href=\"https:\/\/teiximxarxes.cat\/\" target=\"_blank\" rel=\"noopener noreferrer\"><strong>Teixim xarxes contra els estereotips!<\/strong><\/a>\u00a0\u00e9s un espai de formaci\u00f3, debat, interacci\u00f3 i enxarxament i un altaveu de les accions de totes aquelles persones i col\u00b7lectius que lluiten per una societat lliure de discriminacions i viol\u00e8ncies masclistes.Consulta i descobreix\u00a0<a href=\"https:\/\/teiximxarxes.cat\/\" target=\"_blank\" rel=\"noopener noreferrer\">recursos<\/a>,\u00a0<strong>projectes i entitats<\/strong>\u00a0que fomenten i treballen per la prevenci\u00f3 i erradicaci\u00f3 de les viol\u00e8ncies i els estereotips cisheterosexistes.<\/li>\n<li dir=\"ltr\">Des de l\u2019Institut Catal\u00e0 de les Dones ens fan arribar una proposta l\u00fadico-divulgativa per a treballar amb l\u2019alumnat de prim\u00e0ria i secund\u00e0ria els fets m\u00e9s rellevants del panorama catal\u00e0, estatal i internacional en la lluita pels\u00a0<strong>drets de les dones<\/strong>\u00a0arran del\u00a0<strong>Dia Internacional de les dones<\/strong>\u00a0(8 de mar\u00e7).Es tracta del joc \u201c<strong>Feminisme a taula<\/strong>\u201d (taulell de joc, instruccions) i de les 100 fites seleccionades del feminisme que us enllacem a continuaci\u00f3:\n<ul>\n<li><a href=\"https:\/\/serveiseducatius.xtec.cat\/urgell\/wp-content\/uploads\/usu1142\/2021\/02\/Taulell.pdf\">Taulell de joc<\/a><\/li>\n<li><a href=\"https:\/\/serveiseducatius.xtec.cat\/urgell\/wp-content\/uploads\/usu1142\/2021\/02\/Instruccions-Feminisme-a-taula.pdf\">Instruccions de joc<\/a><\/li>\n<li><a href=\"https:\/\/serveiseducatius.xtec.cat\/urgell\/wp-content\/uploads\/usu1142\/2021\/02\/100-fites-del-feminisme.pdf\">100 fites del feminisme<\/a><\/li>\n<\/ul>\n<\/li>\n<\/ul>\n","protected":false},"excerpt":{"rendered":"<p>Per commemorar \u00a0el\u00a0Dia internacional de les dones,\u00a08\u00a0de\u00a0mar\u00e7,\u00a0 us compartim recursos per sensibilitzar a l&#8217;alumnat i tota la comunitat educativa.<\/p>\n","protected":false},"author":3,"featured_media":27123,"comment_status":"closed","ping_status":"open","sticky":false,"template":"","format":"standard","meta":{"_bbp_topic_count":0,"_bbp_reply_count":0,"_bbp_total_topic_count":0,"_bbp_total_reply_count":0,"_bbp_voice_count":0,"_bbp_anonymous_reply_count":0,"_bbp_topic_count_hidden":0,"_bbp_reply_count_hidden":0,"_bbp_forum_subforum_count":0,"site-sidebar-layout":"default","site-content-layout":"","ast-site-content-layout":"default","site-content-style":"default","site-sidebar-style":"default","ast-global-header-display":"","ast-banner-title-visibility":"","ast-main-header-display":"","ast-hfb-above-header-display":"","ast-hfb-below-header-display":"","ast-hfb-mobile-header-display":"","site-post-title":"","ast-breadcrumbs-content":"","ast-featured-img":"","footer-sml-layout":"","theme-transparent-header-meta":"default","adv-header-id-meta":"","stick-header-meta":"","header-above-stick-meta":"","header-main-stick-meta":"","header-below-stick-meta":"","astra-migrate-meta-layouts":"set","ast-page-background-enabled":"default","ast-page-background-meta":{"desktop":{"background-color":"var(--ast-global-color-4)","background-image":"","background-repeat":"repeat","background-position":"center center","background-size":"auto","background-attachment":"scroll","background-type":"","background-media":"","overlay-type":"","overlay-color":"","overlay-opacity":"","overlay-gradient":""},"tablet":{"background-color":"","background-image":"","background-repeat":"repeat","background-position":"center center","background-size":"auto","background-attachment":"scroll","background-type":"","background-media":"","overlay-type":"","overlay-color":"","overlay-opacity":"","overlay-gradient":""},"mobile":{"background-color":"","background-image":"","background-repeat":"repeat","background-position":"center center","background-size":"auto","background-attachment":"scroll","background-type":"","background-media":"","overlay-type":"","overlay-color":"","overlay-opacity":"","overlay-gradient":""}},"ast-content-background-meta":{"desktop":{"background-color":"var(--ast-global-color-5)","background-image":"","background-repeat":"repeat","background-position":"center center","background-size":"auto","background-attachment":"scroll","background-type":"","background-media":"","overlay-type":"","overlay-color":"","overlay-opacity":"","overlay-gradient":""},"tablet":{"background-color":"var(--ast-global-color-5)","background-image":"","background-repeat":"repeat","background-position":"center center","background-size":"auto","background-attachment":"scroll","background-type":"","background-media":"","overlay-type":"","overlay-color":"","overlay-opacity":"","overlay-gradient":""},"mobile":{"background-color":"var(--ast-global-color-5)","background-image":"","background-repeat":"repeat","background-position":"center center","background-size":"auto","background-attachment":"scroll","background-type":"","background-media":"","overlay-type":"","overlay-color":"","overlay-opacity":"","overlay-gradient":""}},"footnotes":""},"categories":[1,29],"tags":[172,179,207],"class_list":["post-27119","post","type-post","status-publish","format-standard","has-post-thumbnail","hentry","category-general","category-portada","tag-educacio-primaria","tag-educacio-secundaria","tag-professorat"],"post_mailing_queue_ids":[],"_links":{"self":[{"href":"https:\/\/serveiseducatius.xtec.cat\/altemporda\/wp-json\/wp\/v2\/posts\/27119","targetHints":{"allow":["GET"]}}],"collection":[{"href":"https:\/\/serveiseducatius.xtec.cat\/altemporda\/wp-json\/wp\/v2\/posts"}],"about":[{"href":"https:\/\/serveiseducatius.xtec.cat\/altemporda\/wp-json\/wp\/v2\/types\/post"}],"author":[{"embeddable":true,"href":"https:\/\/serveiseducatius.xtec.cat\/altemporda\/wp-json\/wp\/v2\/users\/3"}],"replies":[{"embeddable":true,"href":"https:\/\/serveiseducatius.xtec.cat\/altemporda\/wp-json\/wp\/v2\/comments?post=27119"}],"version-history":[{"count":4,"href":"https:\/\/serveiseducatius.xtec.cat\/altemporda\/wp-json\/wp\/v2\/posts\/27119\/revisions"}],"predecessor-version":[{"id":27189,"href":"https:\/\/serveiseducatius.xtec.cat\/altemporda\/wp-json\/wp\/v2\/posts\/27119\/revisions\/27189"}],"wp:featuredmedia":[{"embeddable":true,"href":"https:\/\/serveiseducatius.xtec.cat\/altemporda\/wp-json\/wp\/v2\/media\/27123"}],"wp:attachment":[{"href":"https:\/\/serveiseducatius.xtec.cat\/altemporda\/wp-json\/wp\/v2\/media?parent=27119"}],"wp:term":[{"taxonomy":"category","embeddable":true,"href":"https:\/\/serveiseducatius.xtec.cat\/altemporda\/wp-json\/wp\/v2\/categories?post=27119"},{"taxonomy":"post_tag","embeddable":true,"href":"https:\/\/serveiseducatius.xtec.cat\/altemporda\/wp-json\/wp\/v2\/tags?post=27119"}],"curies":[{"name":"wp","href":"https:\/\/api.w.org\/{rel}","templated":true}]}}