{"id":26658,"date":"2025-11-12T13:53:14","date_gmt":"2025-11-12T12:53:14","guid":{"rendered":"https:\/\/serveiseducatius.xtec.cat\/altemporda\/?p=26658"},"modified":"2025-11-12T14:11:58","modified_gmt":"2025-11-12T13:11:58","slug":"concurs-videomat-25-26","status":"publish","type":"post","link":"https:\/\/serveiseducatius.xtec.cat\/altemporda\/general\/concurs-videomat-25-26\/","title":{"rendered":"Concurs V\u00eddeoMAT curs 25-26"},"content":{"rendered":"<p>&nbsp;<\/p>\n<p style=\"text-align: center;\"><a href=\"https:\/\/serveiseducatius.xtec.cat\/altemporda\/wp-content\/uploads\/usu1156\/2025\/11\/videomat_200px1.jpg\"><img loading=\"lazy\" decoding=\"async\" class=\"alignnone size-full wp-image-26659\" src=\"https:\/\/serveiseducatius.xtec.cat\/altemporda\/wp-content\/uploads\/usu1156\/2025\/11\/videomat_200px1.jpg\" alt=\"\" width=\"200\" height=\"95\" \/><\/a><\/p>\n<p><span style=\"font-family: inherit; font-size: 1em;\">La FEEMCAT, Federaci\u00f3 d\u2019Entitats per l\u2019Ensenyament de les Matem\u00e0tiques a Catalunya, ens demana que us fem arribar la informaci\u00f3 referent al concurs <\/span><i style=\"font-family: inherit; font-size: 1em;\">V\u00eddeomat.<\/i><\/p>\n<p>El\u00a0<strong>v\u00eddeoMAT\u00a0<\/strong>\u00e9s un projecte en el qual l\u2019alumnat crea v\u00eddeos on es responen preguntes que posen de manifest les aplicacions de les matem\u00e0tiques o la seva pres\u00e8ncia en l\u2019entorn.\u00a0<strong><em><u>Hi poden participar alumnes de totes les etapes educatives.<\/u><\/em><\/strong><\/p>\n<p>Aquest any compta amb la col\u00b7laboraci\u00f3 de 3Cat, de manera que els v\u00eddeos guanyadors seran reeditats per 3Cat amb la col\u00b7laboraci\u00f3 o participaci\u00f3 dels mateixos alumnes i incorporats a la seva plataforma.<\/p>\n<p>&nbsp;<\/p>\n<p><u><b>Informaci\u00f3 i formulari de lliurament de treballs\u00a0<a href=\"https:\/\/videomat.cat\/\" target=\"_blank\" rel=\"noopener\" data-saferedirecturl=\"https:\/\/www.google.com\/url?q=https:\/\/videomat.cat\/&amp;source=gmail&amp;ust=1762516947580000&amp;usg=AOvVaw29MIANwHnr2H802iRx4I3d\">aqu\u00ed<\/a>\u00a0<\/b>(del 17 de gener al 4 d\u2019abril).<\/u><\/p>\n<p>Per a qualsevol consulta <b>us podeu posar en contacte amb el CESIRE<\/b>\u00a0(<a href=\"mailto:cesire@xtec.cat\" target=\"_blank\" rel=\"noopener\">cesire@xtec.cat<\/a>)\u00a0<b>o al correu electr\u00f2nic directe:\u00a0<a href=\"mailto:info@videomat.cat\" target=\"_blank\" rel=\"noopener\">info@videomat.cat<\/a><\/b>.<\/p>\n","protected":false},"excerpt":{"rendered":"<p>El v\u00eddeoMAT \u00e9s un projecte en el qual els i les alumnes creen v\u00eddeos on es responen preguntes que posen de manifest les aplicacions de les matem\u00e0tiques o la seva pres\u00e8ncia en l\u2019entorn. Hi poden participar alumnes de totes les etapes educactives.<\/p>\n","protected":false},"author":96,"featured_media":26659,"comment_status":"closed","ping_status":"open","sticky":false,"template":"","format":"standard","meta":{"_bbp_topic_count":0,"_bbp_reply_count":0,"_bbp_total_topic_count":0,"_bbp_total_reply_count":0,"_bbp_voice_count":0,"_bbp_anonymous_reply_count":0,"_bbp_topic_count_hidden":0,"_bbp_reply_count_hidden":0,"_bbp_forum_subforum_count":0,"site-sidebar-layout":"default","site-content-layout":"","ast-site-content-layout":"","site-content-style":"default","site-sidebar-style":"default","ast-global-header-display":"","ast-banner-title-visibility":"","ast-main-header-display":"","ast-hfb-above-header-display":"","ast-hfb-below-header-display":"","ast-hfb-mobile-header-display":"","site-post-title":"","ast-breadcrumbs-content":"","ast-featured-img":"","footer-sml-layout":"","theme-transparent-header-meta":"","adv-header-id-meta":"","stick-header-meta":"","header-above-stick-meta":"","header-main-stick-meta":"","header-below-stick-meta":"","astra-migrate-meta-layouts":"default","ast-page-background-enabled":"default","ast-page-background-meta":{"desktop":{"background-color":"var(--ast-global-color-4)","background-image":"","background-repeat":"repeat","background-position":"center center","background-size":"auto","background-attachment":"scroll","background-type":"","background-media":"","overlay-type":"","overlay-color":"","overlay-opacity":"","overlay-gradient":""},"tablet":{"background-color":"","background-image":"","background-repeat":"repeat","background-position":"center center","background-size":"auto","background-attachment":"scroll","background-type":"","background-media":"","overlay-type":"","overlay-color":"","overlay-opacity":"","overlay-gradient":""},"mobile":{"background-color":"","background-image":"","background-repeat":"repeat","background-position":"center center","background-size":"auto","background-attachment":"scroll","background-type":"","background-media":"","overlay-type":"","overlay-color":"","overlay-opacity":"","overlay-gradient":""}},"ast-content-background-meta":{"desktop":{"background-color":"var(--ast-global-color-5)","background-image":"","background-repeat":"repeat","background-position":"center center","background-size":"auto","background-attachment":"scroll","background-type":"","background-media":"","overlay-type":"","overlay-color":"","overlay-opacity":"","overlay-gradient":""},"tablet":{"background-color":"var(--ast-global-color-5)","background-image":"","background-repeat":"repeat","background-position":"center center","background-size":"auto","background-attachment":"scroll","background-type":"","background-media":"","overlay-type":"","overlay-color":"","overlay-opacity":"","overlay-gradient":""},"mobile":{"background-color":"var(--ast-global-color-5)","background-image":"","background-repeat":"repeat","background-position":"center center","background-size":"auto","background-attachment":"scroll","background-type":"","background-media":"","overlay-type":"","overlay-color":"","overlay-opacity":"","overlay-gradient":""}},"footnotes":""},"categories":[1,29],"tags":[354,172,179,41],"class_list":["post-26658","post","type-post","status-publish","format-standard","has-post-thumbnail","hentry","category-general","category-portada","tag-concurs","tag-educacio-primaria","tag-educacio-secundaria","tag-matematiques"],"post_mailing_queue_ids":[],"_links":{"self":[{"href":"https:\/\/serveiseducatius.xtec.cat\/altemporda\/wp-json\/wp\/v2\/posts\/26658","targetHints":{"allow":["GET"]}}],"collection":[{"href":"https:\/\/serveiseducatius.xtec.cat\/altemporda\/wp-json\/wp\/v2\/posts"}],"about":[{"href":"https:\/\/serveiseducatius.xtec.cat\/altemporda\/wp-json\/wp\/v2\/types\/post"}],"author":[{"embeddable":true,"href":"https:\/\/serveiseducatius.xtec.cat\/altemporda\/wp-json\/wp\/v2\/users\/96"}],"replies":[{"embeddable":true,"href":"https:\/\/serveiseducatius.xtec.cat\/altemporda\/wp-json\/wp\/v2\/comments?post=26658"}],"version-history":[{"count":5,"href":"https:\/\/serveiseducatius.xtec.cat\/altemporda\/wp-json\/wp\/v2\/posts\/26658\/revisions"}],"predecessor-version":[{"id":26670,"href":"https:\/\/serveiseducatius.xtec.cat\/altemporda\/wp-json\/wp\/v2\/posts\/26658\/revisions\/26670"}],"wp:featuredmedia":[{"embeddable":true,"href":"https:\/\/serveiseducatius.xtec.cat\/altemporda\/wp-json\/wp\/v2\/media\/26659"}],"wp:attachment":[{"href":"https:\/\/serveiseducatius.xtec.cat\/altemporda\/wp-json\/wp\/v2\/media?parent=26658"}],"wp:term":[{"taxonomy":"category","embeddable":true,"href":"https:\/\/serveiseducatius.xtec.cat\/altemporda\/wp-json\/wp\/v2\/categories?post=26658"},{"taxonomy":"post_tag","embeddable":true,"href":"https:\/\/serveiseducatius.xtec.cat\/altemporda\/wp-json\/wp\/v2\/tags?post=26658"}],"curies":[{"name":"wp","href":"https:\/\/api.w.org\/{rel}","templated":true}]}}