{"id":26598,"date":"2025-11-05T16:17:41","date_gmt":"2025-11-05T15:17:41","guid":{"rendered":"https:\/\/serveiseducatius.xtec.cat\/altemporda\/?p=26598"},"modified":"2025-11-05T16:18:11","modified_gmt":"2025-11-05T15:18:11","slug":"recursos-per-treballar-a-laula-el-25n-pri-i-sec-dia-internacional-per-a-leliminacio-de-la-violencia-envers-les-dones","status":"publish","type":"post","link":"https:\/\/serveiseducatius.xtec.cat\/altemporda\/general\/recursos-per-treballar-a-laula-el-25n-pri-i-sec-dia-internacional-per-a-leliminacio-de-la-violencia-envers-les-dones\/","title":{"rendered":"Recursos per treballar a l&#8217;aula el 25N (PRI i SEC): Dia Internacional per a l&#8217;Eliminaci\u00f3 de la Viol\u00e8ncia envers les Dones"},"content":{"rendered":"<p>El\u00a0<strong>25 de novembre<\/strong>\u00a0t\u00e9 lloc el\u00a0<strong>Dia Internacional per a l\u2019Eliminaci\u00f3 de la Viol\u00e8ncia envers les Dones<\/strong>.\u00a0Des del Departament d\u2019Educaci\u00f3 i Formaci\u00f3 Professional, un any m\u00e9s mostra el rebuig a la viol\u00e8ncia masclista, una xacra que colpeja dones, infants i adolescents. Per erradicar-la cal la implicaci\u00f3 de tothom, saber identificar-la i que tamb\u00e9 els homes denunci\u00efn la viol\u00e8ncia envers les dones.<\/p>\n<p>A continuaci\u00f3 us oferim un recull d\u2019activitats per poder treballar a l\u2019aula i prevenir la viol\u00e8ncia masclista. <img loading=\"lazy\" decoding=\"async\" class=\"alignright\" src=\"https:\/\/serveiseducatius.xtec.cat\/altemporda\/wp-content\/uploads\/usu1156\/2021\/02\/aa.png\" width=\"184\" height=\"161\" \/><\/p>\n<p>A la mediateca del SE de l\u2019Alt Empord\u00e0 disposem d\u2019un recurs de <a href=\"https:\/\/serveiseducatius.xtec.cat\/altemporda\/coeducacio\/\"><strong>COEDUCACI\u00d3<\/strong>\u00a0<\/a><\/p>\n<p>La coeducaci\u00f3 \u00e9s l\u2019acci\u00f3 educativa fonamentada en el reconeixement de les potencialitats i individualitats de tot l\u2019alumnat independentment de la seva orientaci\u00f3 sexual i\/o identitat de g\u00e8nere, potenciant aix\u00ed la igualtat real d\u2019oportunitats. La coeducaci\u00f3 cerca l\u2019eliminaci\u00f3 de tota mena de discriminaci\u00f3 per ra\u00f3 de g\u00e8nere o orientaci\u00f3 afectivosexual i el respecte de la diversitat de l\u2019alumnat, aix\u00ed com la integraci\u00f3 de la perspectiva de g\u00e8nere en els continguts d\u2019aprenentatge.<\/p>\n<ul>\n<li><a title=\"Material i recursos per treballar la viol\u00e8ncia masclista\" href=\"https:\/\/xtec.gencat.cat\/ca\/alumnat\/violencies\/material-i-recursos\/\" target=\"_blank\" rel=\"noopener\"><strong>Material i recursos per treballar la viol\u00e8ncia masclista<\/strong><\/a>. En aquest apartat hi trobareu materials pedag\u00f2gics, amb la guia per al personal docent i per l\u2019alumnat, i dirigit a estudiants de prim\u00e0ria, secund\u00e0ria i postobligat\u00f2ria.<\/li>\n<\/ul>\n<p><strong style=\"font-family: inherit; font-size: 1em;\"><a title=\"Identificaci\u00f3 de la viol\u00e8ncia masclista. Prim\u00e0ria per a docents\" href=\"https:\/\/xtec.gencat.cat\/web\/.content\/alumnat\/violencies\/materials-i-recursos\/recursos\/01_identificacio_vm_primaria_docent_okfinal.pdf\" target=\"_blank\" rel=\"noopener\">Identificaci\u00f3 de la viol\u00e8ncia masclista. Per a docents de prim\u00e0ria<\/a><\/strong><\/p>\n<p><strong><a title=\"Identificaci\u00f3 de la viol\u00e8ncia masclista. Prim\u00e0ria per a l'alumnat\u00a0\" href=\"https:\/\/xtec.gencat.cat\/web\/.content\/alumnat\/violencies\/materials-i-recursos\/recursos\/02_identificacio_vm_primaria_alumnat_okfinal.pdf\" target=\"_blank\" rel=\"noopener\">Identificaci\u00f3 de la viol\u00e8ncia masclista. Per a l&#8217;alumnat de prim\u00e0ria<\/a><\/strong><\/p>\n<p><strong><a title=\"Identificaci\u00f3 de la viol\u00e8ncia masclista. Secund\u00e0ria per a docents\" href=\"https:\/\/xtec.gencat.cat\/web\/.content\/alumnat\/violencies\/materials-i-recursos\/recursos\/03_identificacio_vm_secundaria_docent_okfinal.pdf\" target=\"_blank\" rel=\"noopener\">Identificaci\u00f3 de la viol\u00e8ncia masclista. Per a docents de secund\u00e0ria<\/a><\/strong><\/p>\n<p><strong><a title=\"Identificaci\u00f3 de la viol\u00e8ncia masclista. Secund\u00e0ria per a l'alumnat\" href=\"https:\/\/xtec.gencat.cat\/web\/.content\/alumnat\/violencies\/materials-i-recursos\/recursos\/04_identificacio_vm_secundaria_alumnat_okfinal.pdf\" target=\"_blank\" rel=\"noopener\">Identificaci\u00f3 de la viol\u00e8ncia masclista. Per a l&#8217;alumnat de secund\u00e0ria<\/a><\/strong><\/p>\n<p>&nbsp;<\/p>\n<ul>\n<li><strong>Recull de v\u00eddeos per treballar el concepte de consentiment partint de situacions quotidianes<\/strong>.\u00a0<a href=\"https:\/\/www.youtube.com\/hashtag\/s%C3%ADalconsentiment\" target=\"_blank\" rel=\"noopener\">Enlla\u00e7 a<\/a>\u00a0 llista reproducci\u00f3 v\u00eddeos Youtube del\u00a0<em><strong>Departament d\u2019Igualtat i Feminisme\u00a0<\/strong><\/em>que es van publicar pel\u00a0<span class=\"yt-core-attributed-string--link-inherit-color\" dir=\"auto\">25N de l\u2019any 2022 sota el hastag\u00a0<\/span><em><strong><span class=\"yt-core-attributed-string--link-inherit-color\" dir=\"auto\"><a href=\"https:\/\/www.youtube.com\/hashtag\/s%C3%ADalconsentiment\" target=\"_blank\" rel=\"noopener\">#S\u00edAlConsentiment<\/a><\/span><\/strong><\/em><\/li>\n<\/ul>\n<p>&nbsp;<\/p>\n<ul>\n<li>V\u00eddeo \u201c<strong>Tea and consent<\/strong>\u201d (<em>Blue Seat Estudios,\u00a0<a href=\"https:\/\/youtu.be\/E4WTnJCMrH8\" target=\"_blank\" rel=\"noopener\">cliqueu enlla\u00e7<\/a><\/em>): el consentiment sexual explicat utitilitzant com a exemple una una tassa de te. Es el v\u00eddeo de Blue Seat Studios.<\/li>\n<\/ul>\n<p>&nbsp;<\/p>\n<ul>\n<li>Material i recursos per treballar la viol\u00e8ncia masclista a la <a href=\"https:\/\/www.un.org\/es\/node\/112821\/\">web de les Nacions unides.<\/a><\/li>\n<\/ul>\n<p>&nbsp;<\/p>\n","protected":false},"excerpt":{"rendered":"<p>Recull de recursos i activitats dinamitzades per poder treballar a l&#8217;aula i prevenir la viol\u00e8ncia masclista.<\/p>\n","protected":false},"author":96,"featured_media":26599,"comment_status":"closed","ping_status":"open","sticky":false,"template":"","format":"standard","meta":{"_bbp_topic_count":0,"_bbp_reply_count":0,"_bbp_total_topic_count":0,"_bbp_total_reply_count":0,"_bbp_voice_count":0,"_bbp_anonymous_reply_count":0,"_bbp_topic_count_hidden":0,"_bbp_reply_count_hidden":0,"_bbp_forum_subforum_count":0,"site-sidebar-layout":"default","site-content-layout":"","ast-site-content-layout":"","site-content-style":"default","site-sidebar-style":"default","ast-global-header-display":"","ast-banner-title-visibility":"","ast-main-header-display":"","ast-hfb-above-header-display":"","ast-hfb-below-header-display":"","ast-hfb-mobile-header-display":"","site-post-title":"","ast-breadcrumbs-content":"","ast-featured-img":"","footer-sml-layout":"","theme-transparent-header-meta":"","adv-header-id-meta":"","stick-header-meta":"","header-above-stick-meta":"","header-main-stick-meta":"","header-below-stick-meta":"","astra-migrate-meta-layouts":"default","ast-page-background-enabled":"default","ast-page-background-meta":{"desktop":{"background-color":"var(--ast-global-color-4)","background-image":"","background-repeat":"repeat","background-position":"center center","background-size":"auto","background-attachment":"scroll","background-type":"","background-media":"","overlay-type":"","overlay-color":"","overlay-opacity":"","overlay-gradient":""},"tablet":{"background-color":"","background-image":"","background-repeat":"repeat","background-position":"center center","background-size":"auto","background-attachment":"scroll","background-type":"","background-media":"","overlay-type":"","overlay-color":"","overlay-opacity":"","overlay-gradient":""},"mobile":{"background-color":"","background-image":"","background-repeat":"repeat","background-position":"center center","background-size":"auto","background-attachment":"scroll","background-type":"","background-media":"","overlay-type":"","overlay-color":"","overlay-opacity":"","overlay-gradient":""}},"ast-content-background-meta":{"desktop":{"background-color":"var(--ast-global-color-5)","background-image":"","background-repeat":"repeat","background-position":"center center","background-size":"auto","background-attachment":"scroll","background-type":"","background-media":"","overlay-type":"","overlay-color":"","overlay-opacity":"","overlay-gradient":""},"tablet":{"background-color":"var(--ast-global-color-5)","background-image":"","background-repeat":"repeat","background-position":"center center","background-size":"auto","background-attachment":"scroll","background-type":"","background-media":"","overlay-type":"","overlay-color":"","overlay-opacity":"","overlay-gradient":""},"mobile":{"background-color":"var(--ast-global-color-5)","background-image":"","background-repeat":"repeat","background-position":"center center","background-size":"auto","background-attachment":"scroll","background-type":"","background-media":"","overlay-type":"","overlay-color":"","overlay-opacity":"","overlay-gradient":""}},"footnotes":""},"categories":[1,29],"tags":[172,179,184,358],"class_list":["post-26598","post","type-post","status-publish","format-standard","has-post-thumbnail","hentry","category-general","category-portada","tag-educacio-primaria","tag-educacio-secundaria","tag-material-didactic","tag-mediateca"],"post_mailing_queue_ids":[],"_links":{"self":[{"href":"https:\/\/serveiseducatius.xtec.cat\/altemporda\/wp-json\/wp\/v2\/posts\/26598","targetHints":{"allow":["GET"]}}],"collection":[{"href":"https:\/\/serveiseducatius.xtec.cat\/altemporda\/wp-json\/wp\/v2\/posts"}],"about":[{"href":"https:\/\/serveiseducatius.xtec.cat\/altemporda\/wp-json\/wp\/v2\/types\/post"}],"author":[{"embeddable":true,"href":"https:\/\/serveiseducatius.xtec.cat\/altemporda\/wp-json\/wp\/v2\/users\/96"}],"replies":[{"embeddable":true,"href":"https:\/\/serveiseducatius.xtec.cat\/altemporda\/wp-json\/wp\/v2\/comments?post=26598"}],"version-history":[{"count":3,"href":"https:\/\/serveiseducatius.xtec.cat\/altemporda\/wp-json\/wp\/v2\/posts\/26598\/revisions"}],"predecessor-version":[{"id":26602,"href":"https:\/\/serveiseducatius.xtec.cat\/altemporda\/wp-json\/wp\/v2\/posts\/26598\/revisions\/26602"}],"wp:featuredmedia":[{"embeddable":true,"href":"https:\/\/serveiseducatius.xtec.cat\/altemporda\/wp-json\/wp\/v2\/media\/26599"}],"wp:attachment":[{"href":"https:\/\/serveiseducatius.xtec.cat\/altemporda\/wp-json\/wp\/v2\/media?parent=26598"}],"wp:term":[{"taxonomy":"category","embeddable":true,"href":"https:\/\/serveiseducatius.xtec.cat\/altemporda\/wp-json\/wp\/v2\/categories?post=26598"},{"taxonomy":"post_tag","embeddable":true,"href":"https:\/\/serveiseducatius.xtec.cat\/altemporda\/wp-json\/wp\/v2\/tags?post=26598"}],"curies":[{"name":"wp","href":"https:\/\/api.w.org\/{rel}","templated":true}]}}