{"id":26481,"date":"2025-10-14T09:47:39","date_gmt":"2025-10-14T07:47:39","guid":{"rendered":"https:\/\/serveiseducatius.xtec.cat\/altemporda\/?p=26481"},"modified":"2025-10-14T09:47:39","modified_gmt":"2025-10-14T07:47:39","slug":"lilla-de-rodes-participa-com-a-epas-a-euroscola-2025-al-parlament-europeu-destrasburg","status":"publish","type":"post","link":"https:\/\/serveiseducatius.xtec.cat\/altemporda\/des-dels-centres\/lilla-de-rodes-participa-com-a-epas-a-euroscola-2025-al-parlament-europeu-destrasburg\/","title":{"rendered":"L\u2019Illa de Rodes participa, com a EPAS, a \u201cEuroscola 2025\u201d,  al Parlament Europeu d\u2019Estrasburg!"},"content":{"rendered":"<p><a href=\"https:\/\/serveiseducatius.xtec.cat\/altemporda\/wp-content\/uploads\/usu1156\/2025\/10\/Foto-PE-Estrasburg-ambaixadors.jpg\"><img loading=\"lazy\" decoding=\"async\" class=\"wp-image-26482 alignleft\" src=\"https:\/\/serveiseducatius.xtec.cat\/altemporda\/wp-content\/uploads\/usu1156\/2025\/10\/Foto-PE-Estrasburg-ambaixadors-769x1024.jpg\" alt=\"\" width=\"440\" height=\"586\" srcset=\"https:\/\/serveiseducatius.xtec.cat\/altemporda\/wp-content\/uploads\/usu1156\/2025\/10\/Foto-PE-Estrasburg-ambaixadors-769x1024.jpg 769w, https:\/\/serveiseducatius.xtec.cat\/altemporda\/wp-content\/uploads\/usu1156\/2025\/10\/Foto-PE-Estrasburg-ambaixadors-225x300.jpg 225w, https:\/\/serveiseducatius.xtec.cat\/altemporda\/wp-content\/uploads\/usu1156\/2025\/10\/Foto-PE-Estrasburg-ambaixadors-768x1023.jpg 768w, https:\/\/serveiseducatius.xtec.cat\/altemporda\/wp-content\/uploads\/usu1156\/2025\/10\/Foto-PE-Estrasburg-ambaixadors-1153x1536.jpg 1153w, https:\/\/serveiseducatius.xtec.cat\/altemporda\/wp-content\/uploads\/usu1156\/2025\/10\/Foto-PE-Estrasburg-ambaixadors.jpg 1537w\" sizes=\"auto, (max-width: 440px) 100vw, 440px\" \/><\/a>Els dies 9, 10 i 11 d\u2019octubre, una delegaci\u00f3 de 24 alumnes ambaixadors j\u00fanior, acompanyats del coordinador EPAS, Ernest Parellada, i la directora de l\u2019Illa de Rodes, Esther Renart, com a representants dels ambaixadors s\u00e8nior del centre, va participar en una de les sessions presencials d\u2019<a href=\"https:\/\/youth.europarl.europa.eu\/es\/more-information\/euroscola.html\">Euroscola 2025<\/a> al Parlament Europeu d\u2019Estrasburg.<\/p>\n<p>Aquesta activitat ha estat finan\u00e7ada pel mateix Parlament i organitzada com a reconeixement a la tasca del centre com a Escola Ambaixadora del Parlament Europeu (EPAS) durant el curs 2024-2025.<\/p>\n<p>La jornada central va tenir lloc el divendres 10 d\u2019octubre, sota el lema \u201cProtecting Democracy and Fundamental Rights in Europe\u201d.<\/p>\n<p>L\u2019alumnat va ser rebut a l\u2019edifici Louise Weiss i va participar en una sessi\u00f3 real a l\u2019hemicicle del Parlament Europeu, on van poder viure en primera persona el funcionament de la instituci\u00f3 i conviure amb joves d\u2019arreu d\u2019Europa. L\u2019alumnat de l\u2019Illa de Rodes va tenir una actuaci\u00f3 molt destacada i fins a 6 ambaixadores van fer sentir la seva veu: d&#8217;una banda, la Marla Vi\u00f1ales, la Brisa Hern\u00e1ndez i la Mariam Yermak van intervenir durant la sessi\u00f3 del mat\u00ed, formulant preguntes directes a Antonio Caiola, cap d\u2019unitat del Servei Jur\u00eddic del Parlament Europeu; de l&#8217;altra, durant la simulaci\u00f3 parlament\u00e0ria de la tarda, la Roumayssae Taouil, l&#8217;Aya Taouil i la Douaa Touiher van prendre la paraula com a representants del seu grup parlamentari, defensant els seus arguments amb claredat i solv\u00e8ncia davant l\u2019hemicicle.<\/p>\n<p>A m\u00e9s, la directora del centre, Esther Renart, va formar part de l\u2019equip guanyador de la din\u00e0mica col\u00b7laborativa \u00a0\u201cInternational Coffee\u201d organitzada des d\u2019Euroscola, que reuneix professorat de diferents pa\u00efsos europeus per compartir bones pr\u00e0ctiques educatives.<\/p>\n<p>Els 24 alumnes ambaixadors, entre els quals hi havia representants de 1r i 2n de Batxillerat, van mostrar en tot moment una actitud exemplar, puntualitat absoluta en totes les activitats, respecte, implicaci\u00f3 i un alt nivell de comprom\u00eds. Les seves intervencions, aix\u00ed com l\u2019inter\u00e8s i el comportament al llarg del viatge, han estat motiu d\u2019orgull per a tot l\u2019equip docent i per a la instituci\u00f3.<\/p>\n<p>A m\u00e9s de la jornada institucional, l\u2019alumnat va realitzar diverses visites culturals pel centre hist\u00f2ric d\u2019Estrasburg, com ara la Cath\u00e9drale Notre-Dame, La Petite France i altres espais emblem\u00e0tics de la ciutat.<\/p>\n<p>Tamb\u00e9 van poder trobar-se amb Paula Miranda, exalumna Batxibac de l\u2019institut i actualment estudiant universit\u00e0ria resident a Estrasburg. L\u2019alumnat va poder gaudir de la seva companyia i de la visita guiada per alguns racons d\u2019Estrasburg amb qu\u00e8 els va obsequiar, a m\u00e9s de con\u00e8ixer la seva experi\u00e8ncia acad\u00e8mica i laboral.<\/p>\n<p>Tant el coordinador EPAS, Ernest Parellada, com la directora del centre, Esther Renart, consideren que \u201cel projecte EPAS continua consolidant-se al centre com una l\u00ednia de treball potent per educar en valors democr\u00e0tics i europeus, en la import\u00e0ncia de la participaci\u00f3 ciutadana i en la construcci\u00f3 d\u2019una Europa m\u00e9s unida, justa i solid\u00e0ria\u201d.<\/p>\n","protected":false},"excerpt":{"rendered":"<p>Els dies 9, 10 i 11 d\u2019octubre, una delegaci\u00f3 de 24 alumnes ambaixadors j\u00fanior, acompanyats del coordinador EPAS, Ernest Parellada, i la directora de l\u2019Illa de Rodes, Esther Renart, com a representants dels ambaixadors s\u00e8nior del centre, va participar en una de les sessions presencials d\u2019Euroscola 2025 al Parlament Europeu d\u2019Estrasburg.<\/p>\n","protected":false},"author":71,"featured_media":26482,"comment_status":"closed","ping_status":"open","sticky":false,"template":"","format":"standard","meta":{"_bbp_topic_count":0,"_bbp_reply_count":0,"_bbp_total_topic_count":0,"_bbp_total_reply_count":0,"_bbp_voice_count":0,"_bbp_anonymous_reply_count":0,"_bbp_topic_count_hidden":0,"_bbp_reply_count_hidden":0,"_bbp_forum_subforum_count":0,"site-sidebar-layout":"default","site-content-layout":"","ast-site-content-layout":"","site-content-style":"default","site-sidebar-style":"default","ast-global-header-display":"","ast-banner-title-visibility":"","ast-main-header-display":"","ast-hfb-above-header-display":"","ast-hfb-below-header-display":"","ast-hfb-mobile-header-display":"","site-post-title":"","ast-breadcrumbs-content":"","ast-featured-img":"","footer-sml-layout":"","theme-transparent-header-meta":"","adv-header-id-meta":"","stick-header-meta":"","header-above-stick-meta":"","header-main-stick-meta":"","header-below-stick-meta":"","astra-migrate-meta-layouts":"default","ast-page-background-enabled":"default","ast-page-background-meta":{"desktop":{"background-color":"var(--ast-global-color-4)","background-image":"","background-repeat":"repeat","background-position":"center center","background-size":"auto","background-attachment":"scroll","background-type":"","background-media":"","overlay-type":"","overlay-color":"","overlay-opacity":"","overlay-gradient":""},"tablet":{"background-color":"","background-image":"","background-repeat":"repeat","background-position":"center center","background-size":"auto","background-attachment":"scroll","background-type":"","background-media":"","overlay-type":"","overlay-color":"","overlay-opacity":"","overlay-gradient":""},"mobile":{"background-color":"","background-image":"","background-repeat":"repeat","background-position":"center center","background-size":"auto","background-attachment":"scroll","background-type":"","background-media":"","overlay-type":"","overlay-color":"","overlay-opacity":"","overlay-gradient":""}},"ast-content-background-meta":{"desktop":{"background-color":"var(--ast-global-color-5)","background-image":"","background-repeat":"repeat","background-position":"center center","background-size":"auto","background-attachment":"scroll","background-type":"","background-media":"","overlay-type":"","overlay-color":"","overlay-opacity":"","overlay-gradient":""},"tablet":{"background-color":"var(--ast-global-color-5)","background-image":"","background-repeat":"repeat","background-position":"center center","background-size":"auto","background-attachment":"scroll","background-type":"","background-media":"","overlay-type":"","overlay-color":"","overlay-opacity":"","overlay-gradient":""},"mobile":{"background-color":"var(--ast-global-color-5)","background-image":"","background-repeat":"repeat","background-position":"center center","background-size":"auto","background-attachment":"scroll","background-type":"","background-media":"","overlay-type":"","overlay-color":"","overlay-opacity":"","overlay-gradient":""}},"footnotes":""},"categories":[298],"tags":[],"class_list":["post-26481","post","type-post","status-publish","format-standard","has-post-thumbnail","hentry","category-des-dels-centres"],"post_mailing_queue_ids":[],"_links":{"self":[{"href":"https:\/\/serveiseducatius.xtec.cat\/altemporda\/wp-json\/wp\/v2\/posts\/26481","targetHints":{"allow":["GET"]}}],"collection":[{"href":"https:\/\/serveiseducatius.xtec.cat\/altemporda\/wp-json\/wp\/v2\/posts"}],"about":[{"href":"https:\/\/serveiseducatius.xtec.cat\/altemporda\/wp-json\/wp\/v2\/types\/post"}],"author":[{"embeddable":true,"href":"https:\/\/serveiseducatius.xtec.cat\/altemporda\/wp-json\/wp\/v2\/users\/71"}],"replies":[{"embeddable":true,"href":"https:\/\/serveiseducatius.xtec.cat\/altemporda\/wp-json\/wp\/v2\/comments?post=26481"}],"version-history":[{"count":1,"href":"https:\/\/serveiseducatius.xtec.cat\/altemporda\/wp-json\/wp\/v2\/posts\/26481\/revisions"}],"predecessor-version":[{"id":26483,"href":"https:\/\/serveiseducatius.xtec.cat\/altemporda\/wp-json\/wp\/v2\/posts\/26481\/revisions\/26483"}],"wp:featuredmedia":[{"embeddable":true,"href":"https:\/\/serveiseducatius.xtec.cat\/altemporda\/wp-json\/wp\/v2\/media\/26482"}],"wp:attachment":[{"href":"https:\/\/serveiseducatius.xtec.cat\/altemporda\/wp-json\/wp\/v2\/media?parent=26481"}],"wp:term":[{"taxonomy":"category","embeddable":true,"href":"https:\/\/serveiseducatius.xtec.cat\/altemporda\/wp-json\/wp\/v2\/categories?post=26481"},{"taxonomy":"post_tag","embeddable":true,"href":"https:\/\/serveiseducatius.xtec.cat\/altemporda\/wp-json\/wp\/v2\/tags?post=26481"}],"curies":[{"name":"wp","href":"https:\/\/api.w.org\/{rel}","templated":true}]}}