{"id":26422,"date":"2025-10-07T10:09:06","date_gmt":"2025-10-07T08:09:06","guid":{"rendered":"https:\/\/serveiseducatius.xtec.cat\/altemporda\/?p=26422"},"modified":"2025-10-07T10:12:11","modified_gmt":"2025-10-07T08:12:11","slug":"10a-edicio-de-recerkids-per-alumnat-de-5e-i-6e-inscripcions-obertes","status":"publish","type":"post","link":"https:\/\/serveiseducatius.xtec.cat\/altemporda\/general\/10a-edicio-de-recerkids-per-alumnat-de-5e-i-6e-inscripcions-obertes\/","title":{"rendered":"10a edici\u00f3 de Recerkids per alumnat de 5\u00e8 i 6\u00e8. Inscripcions obertes!"},"content":{"rendered":"<p>&nbsp;<\/p>\n<p class=\"has-medium-font-size\"><strong><img decoding=\"async\" class=\"aligncenter\" src=\"https:\/\/serveiseducatius.xtec.cat\/ripolles\/wp-content\/uploads\/usu1150\/2025\/09\/unnamed-11.jpg\" \/><\/strong><\/p>\n<p class=\"has-medium-font-size\"><strong>Ja tenim aqu\u00ed la 10a edici\u00f3 de Recerkids! <\/strong><img decoding=\"async\" src=\"https:\/\/fonts.gstatic.com\/s\/e\/notoemoji\/16.0\/1f389\/72.png\" alt=\"\ud83c\udf89\" \/><\/p>\n<p class=\"has-medium-font-size\">Enguany el programa celebra 10 anys apropant la recerca cient\u00edfica a les aules de prim\u00e0ria, i ho far\u00e0 amb novetats i sorpreses per commemorar aquesta traject\u00f2ria.<\/p>\n<p class=\"has-medium-font-size\">Recerkids \u00e9s un programa organitzat pel\u00a0<a href=\"https:\/\/objenv.gencat.cat\/v4\/public\/estadisticas\/link\/gencat_reu\/163\/1\/19983\/f4398f7abc8d9fd0cf1f9ec9e50497b9\/\" target=\"_blank\" rel=\"noreferrer noopener\"><strong>Departament de Recerca i Universitats<\/strong><\/a>\u00a0i produ\u00eft per\u00a0<a href=\"https:\/\/objenv.gencat.cat\/v4\/public\/estadisticas\/link\/gencat_reu\/163\/2\/19983\/f4398f7abc8d9fd0cf1f9ec9e50497b9\/\" target=\"_blank\" rel=\"noreferrer noopener\"><strong>Eduxarxa<\/strong><\/a>, que t\u00e9 com a objectiu\u00a0<strong>apropar la recerca a les aules mitjan\u00e7ant un projecte cient\u00edfic dirigit a alumnat de 5\u00e8 i 6\u00e8 de Prim\u00e0ria.<\/strong><\/p>\n<p class=\"has-medium-font-size\">Enguany, el programa ret homenatge a\u00a0<strong>Maria Assumpci\u00f3 Catal\u00e0 i Poch (1925-2009)<\/strong>, matem\u00e0tica i astr\u00f2noma pionera a Catalunya. Inspirats en la seva traject\u00f2ria, els tres eixos de recerca d\u2019aquesta edici\u00f3 s\u00f3n:<\/p>\n<ul class=\"wp-block-list\">\n<li class=\"has-medium-font-size\"><strong>Com ens ajuden les matem\u00e0tiques a representar la realitat?<\/strong><\/li>\n<li class=\"has-medium-font-size\"><strong>Qu\u00e8 podem aprendre mirant el cel?<\/strong><\/li>\n<li class=\"has-medium-font-size\"><strong>Qu\u00e8 necessitem per observar les estrelles?<\/strong><\/li>\n<\/ul>\n<p class=\"has-medium-font-size\"><span style=\"color: #33cccc;\"><strong>COM FUNCIONA EL PROGRAMA?<\/strong><\/span><\/p>\n<p class=\"has-medium-font-size\"><span style=\"color: #33cccc;\"><strong>Fase 1<\/strong><\/span><\/p>\n<p class=\"has-medium-font-size\"><strong>Un projecte de recerca cient\u00edfica a l\u2019aula:<\/strong> disposareu de material de suport per a l\u2019activitat docent, assessorament did\u00e0ctic personalitzat i la xerrada d\u2019una persona experta en la tem\u00e0tica d\u2019aquesta edici\u00f3.\u00a0 Per aquesta fase\u00a0<strong>no hi ha l\u00edmit de places.<\/strong><\/p>\n<p class=\"has-medium-font-size\"><span style=\"color: #33cccc;\"><strong>Fase 2<\/strong><\/span><\/p>\n<p class=\"has-medium-font-size\"><strong>Els congressos cient\u00edfics tindran lloc a Barcelona, Girona, Tarragona, Lleida i Vic.\u00a0<\/strong><\/p>\n<p class=\"has-medium-font-size\">Els grups classe participants exposaran i compartiran amb altres centres els resultats de la seva recerca i gaudiran d\u2019un espectacle i tallers cient\u00edfics.<\/p>\n<p class=\"has-medium-font-size\"><strong>Les places als congressos seran limitades i s\u2019assignaran per ordre d\u2019inscripci\u00f3.\u00a0<\/strong><\/p>\n<p>&nbsp;<\/p>\n<p class=\"has-medium-font-size\">Tot el que necessiteu saber sobre Recerkids ho trobareu al seu portal web! \u00a0<a class=\"wp-block-button__link has-light-green-cyan-background-color has-background wp-element-button\" style=\"text-align: center;\" href=\"https:\/\/recercaiuniversitats.gencat.cat\/ca\/03_ambits_dactuacio\/ciencia_i_societat\/la_ciencia_a_les_escoles\/Recerkids\/edicio-2025-2026\/#tematica-de-recerkids-2025-26\">Web RecerKids<\/a><\/p>\n<div class=\"wp-block-buttons is-layout-flex wp-block-buttons-is-layout-flex\">\n<div><\/div>\n<\/div>\n<figure class=\"wp-block-table has-medium-font-size\">\n<table class=\"has-light-green-cyan-background-color has-background has-fixed-layout\">\n<tbody>\n<tr>\n<td class=\"has-text-align-center\" style=\"text-align: center;\" data-align=\"center\"><strong>CALENDARI 2025-2026<\/strong><\/p>\n<p><strong>Inscripcions<\/strong>:\u00a0del 22 de setembre al 31 d\u2019octubre de 2025<\/p>\n<p><strong>Projecte de recerca<\/strong>:\u00a0del 8 de gener al 10 d\u2019abril de 2025<\/p>\n<p><strong>Congressos:<\/strong>\u00a0durant l\u2019abril i el maig de 2026 (dates i llocs per concretar)<\/td>\n<\/tr>\n<\/tbody>\n<\/table>\n<\/figure>\n","protected":false},"excerpt":{"rendered":"<p>Ja tenim aqu\u00ed la 10a edici\u00f3 de Recerkids! <\/p>\n<p>Enguany el programa celebra 10 anys apropant la recerca cient\u00edfica a les aules de prim\u00e0ria, i ho far\u00e0 amb novetats i sorpreses per commemorar aquesta traject\u00f2ria.<\/p>\n","protected":false},"author":3,"featured_media":26426,"comment_status":"closed","ping_status":"open","sticky":false,"template":"","format":"standard","meta":{"_bbp_topic_count":0,"_bbp_reply_count":0,"_bbp_total_topic_count":0,"_bbp_total_reply_count":0,"_bbp_voice_count":0,"_bbp_anonymous_reply_count":0,"_bbp_topic_count_hidden":0,"_bbp_reply_count_hidden":0,"_bbp_forum_subforum_count":0,"site-sidebar-layout":"default","site-content-layout":"","ast-site-content-layout":"","site-content-style":"default","site-sidebar-style":"default","ast-global-header-display":"","ast-banner-title-visibility":"","ast-main-header-display":"","ast-hfb-above-header-display":"","ast-hfb-below-header-display":"","ast-hfb-mobile-header-display":"","site-post-title":"","ast-breadcrumbs-content":"","ast-featured-img":"","footer-sml-layout":"","theme-transparent-header-meta":"","adv-header-id-meta":"","stick-header-meta":"","header-above-stick-meta":"","header-main-stick-meta":"","header-below-stick-meta":"","astra-migrate-meta-layouts":"default","ast-page-background-enabled":"default","ast-page-background-meta":{"desktop":{"background-color":"var(--ast-global-color-4)","background-image":"","background-repeat":"repeat","background-position":"center center","background-size":"auto","background-attachment":"scroll","background-type":"","background-media":"","overlay-type":"","overlay-color":"","overlay-opacity":"","overlay-gradient":""},"tablet":{"background-color":"","background-image":"","background-repeat":"repeat","background-position":"center center","background-size":"auto","background-attachment":"scroll","background-type":"","background-media":"","overlay-type":"","overlay-color":"","overlay-opacity":"","overlay-gradient":""},"mobile":{"background-color":"","background-image":"","background-repeat":"repeat","background-position":"center center","background-size":"auto","background-attachment":"scroll","background-type":"","background-media":"","overlay-type":"","overlay-color":"","overlay-opacity":"","overlay-gradient":""}},"ast-content-background-meta":{"desktop":{"background-color":"var(--ast-global-color-5)","background-image":"","background-repeat":"repeat","background-position":"center center","background-size":"auto","background-attachment":"scroll","background-type":"","background-media":"","overlay-type":"","overlay-color":"","overlay-opacity":"","overlay-gradient":""},"tablet":{"background-color":"var(--ast-global-color-5)","background-image":"","background-repeat":"repeat","background-position":"center center","background-size":"auto","background-attachment":"scroll","background-type":"","background-media":"","overlay-type":"","overlay-color":"","overlay-opacity":"","overlay-gradient":""},"mobile":{"background-color":"var(--ast-global-color-5)","background-image":"","background-repeat":"repeat","background-position":"center center","background-size":"auto","background-attachment":"scroll","background-type":"","background-media":"","overlay-type":"","overlay-color":"","overlay-opacity":"","overlay-gradient":""}},"footnotes":""},"categories":[1,29],"tags":[250,86,172],"class_list":["post-26422","post","type-post","status-publish","format-standard","has-post-thumbnail","hentry","category-general","category-portada","tag-ciencia","tag-ciencies","tag-educacio-primaria"],"post_mailing_queue_ids":[],"_links":{"self":[{"href":"https:\/\/serveiseducatius.xtec.cat\/altemporda\/wp-json\/wp\/v2\/posts\/26422","targetHints":{"allow":["GET"]}}],"collection":[{"href":"https:\/\/serveiseducatius.xtec.cat\/altemporda\/wp-json\/wp\/v2\/posts"}],"about":[{"href":"https:\/\/serveiseducatius.xtec.cat\/altemporda\/wp-json\/wp\/v2\/types\/post"}],"author":[{"embeddable":true,"href":"https:\/\/serveiseducatius.xtec.cat\/altemporda\/wp-json\/wp\/v2\/users\/3"}],"replies":[{"embeddable":true,"href":"https:\/\/serveiseducatius.xtec.cat\/altemporda\/wp-json\/wp\/v2\/comments?post=26422"}],"version-history":[{"count":6,"href":"https:\/\/serveiseducatius.xtec.cat\/altemporda\/wp-json\/wp\/v2\/posts\/26422\/revisions"}],"predecessor-version":[{"id":26431,"href":"https:\/\/serveiseducatius.xtec.cat\/altemporda\/wp-json\/wp\/v2\/posts\/26422\/revisions\/26431"}],"wp:featuredmedia":[{"embeddable":true,"href":"https:\/\/serveiseducatius.xtec.cat\/altemporda\/wp-json\/wp\/v2\/media\/26426"}],"wp:attachment":[{"href":"https:\/\/serveiseducatius.xtec.cat\/altemporda\/wp-json\/wp\/v2\/media?parent=26422"}],"wp:term":[{"taxonomy":"category","embeddable":true,"href":"https:\/\/serveiseducatius.xtec.cat\/altemporda\/wp-json\/wp\/v2\/categories?post=26422"},{"taxonomy":"post_tag","embeddable":true,"href":"https:\/\/serveiseducatius.xtec.cat\/altemporda\/wp-json\/wp\/v2\/tags?post=26422"}],"curies":[{"name":"wp","href":"https:\/\/api.w.org\/{rel}","templated":true}]}}