{"id":26416,"date":"2025-10-07T09:33:13","date_gmt":"2025-10-07T07:33:13","guid":{"rendered":"https:\/\/serveiseducatius.xtec.cat\/altemporda\/?p=26416"},"modified":"2025-10-07T10:12:16","modified_gmt":"2025-10-07T08:12:16","slug":"setmana-de-la-ciencia-25","status":"publish","type":"post","link":"https:\/\/serveiseducatius.xtec.cat\/altemporda\/general\/setmana-de-la-ciencia-25\/","title":{"rendered":"Setmana de la Ci\u00e8ncia 25. Inscripcions obertes!"},"content":{"rendered":"<p>&nbsp;<\/p>\n<h1 class=\"entry-title\"><span style=\"font-size: 18pt;\">Dia de la Ci\u00e8ncia a les Escoles 2025<\/span><\/h1>\n<p style=\"text-align: justify;\">La Fundaci\u00f3 Catalana per a la Recerca i la Innovaci\u00f3 (FCRI), amb el suport del Departament d\u2019Educaci\u00f3, organitza la\u00a0<a href=\"https:\/\/setmanaciencia.fundaciorecerca.cat\/frontend\/home.asp\">30a edici\u00f3 de la Setmana de la Ci\u00e8ncia<\/a>, que se celebrar\u00e0 del\u00a0<b>7 al 16 de novembre,<\/b>\u00a0arreu de Catalunya. El dia de la Ci\u00e8ncia a les Escoles se celebrar\u00e0\u00a0<b>l\u201911 de novembre<\/b> al mat\u00ed amb la finalitat del foment de les vocacions cient\u00edfiques i tecnol\u00f2giques entre l\u2019alumnat del nostre pa\u00eds, pretenent apropar els i les cient\u00edfiques als centres educatius de secund\u00e0ria.<\/p>\n<p style=\"text-align: justify;\"><img loading=\"lazy\" decoding=\"async\" class=\"alignright\" src=\"https:\/\/serveiseducatius.xtec.cat\/selva1\/wp-content\/uploads\/usu773\/2025\/10\/Sc25.png\" width=\"385\" height=\"385\" \/><\/p>\n<p style=\"text-align: justify;\">Enguany, l\u2019activitat se celebrar\u00e0 en format virtual, s\u2019adre\u00e7a a l\u2019alumnat de\u00a0<b>3r i 4t d\u2019ESO<\/b>\u00a0i va a c\u00e0rrec de cient\u00edfics que es dediquen a la investigaci\u00f3 i que expliquen la seva tasca, tant des del vessant cient\u00edfic com des de l\u2019hum\u00e0.<\/p>\n<p style=\"text-align: justify;\">Les 3 sessions se celebren a la seu de l\u2019FCRI, transmeses en directe pel <a href=\"https:\/\/www.youtube.com\/user\/fcrivideo\">canal de YouTube<\/a>, de 10.00 a 13.00\u202fh.<\/p>\n<p style=\"text-align: justify;\"><b>10 h. Economia<\/b><b><br \/>\n<\/b><em>Albert Sant<\/em>: Responsable de Talent i Cultura BBVA Catalunya<\/p>\n<p style=\"text-align: justify;\"><b>11 h. Intel\u00b7lig\u00e8ncia artificial<\/b><b><br \/>\n<\/b><em>Victor G\u00f3mez<\/em>, BBVA<\/p>\n<p style=\"text-align: justify;\"><b>12\u202fh. Tecnologia<\/b><b><br \/>\n<\/b><em>Antonio Rubio<\/em>: Professor em\u00e8rit Enginyeria UPC<\/p>\n<p style=\"text-align: justify;\"><b>Data l\u00edmit d\u2019inscripci\u00f3: 3 de novembre<\/b>. <a href=\"https:\/\/setmanaciencia.fundaciorecerca.cat\/DCE\/index.asp?accio=formulari&amp;primeravez=SI\">Formulari d\u2019enviament<\/a><\/p>\n<p style=\"text-align: justify;\">M\u00e9s informaci\u00f3 al seg\u00fcent\u00a0<a href=\"https:\/\/setmanaciencia.fundaciorecerca.cat\/frontend\/home.asp\">enlla\u00e7<\/a>.<\/p>\n<h1 class=\"entry-title\"><span style=\"font-size: 18pt;\">Setmana de la Ci\u00e8ncia a la UdG<\/span><\/h1>\n<p style=\"text-align: justify;\">Data: Del 7 al 16 de novembre<\/p>\n<p style=\"text-align: justify;\"><strong>Descripci\u00f3:<\/strong> La UdG s\u2019afegeix a la celebraci\u00f3 de la Setmana de la Ci\u00e8ncia oferint tallers, confer\u00e8ncies i activitats interactives, perqu\u00e8 l\u2019alumnat de secund\u00e0ria visqui la recerca en primera persona, tant en format presencial com virtual.<br \/>\nLes propostes abracen \u00e0mbits molt diversos \u2014ci\u00e8ncia, tecnologia, humanitats i ci\u00e8ncies socials\u2014 i estan pensades per acostar la recerca als centres educatius i, alhora, obrir-la al conjunt de la societat. <a href=\"https:\/\/www.email-index.com\/click.php?L=7XS7oJK2hbvN06S7gPGcnA&amp;J=JgAnJo5CkMvB9Y4WrKZXajVFTnvqhyPi8ME0OnIIf5w&amp;C=ZWxJOWzWP7763p5JeMPmmxpw&amp;F=HKFRcCbcnmxmc4f43DJP5g\" target=\"_blank\" rel=\"noopener\">Consulteu les activitats.<\/a><\/p>\n<p style=\"text-align: justify;\">Tamb\u00e9 us adjuntem el\u00a0<a href=\"https:\/\/www.campaign-index.com\/view.php?J=JgAnJo5CkMvB9Y4WrKZXajVFTnvqhyPi8ME0OnIIf5w&amp;C=n1f8My89202yLgutbrM805zA\" target=\"_blank\" rel=\"noopener\" data-saferedirecturl=\"https:\/\/www.google.com\/url?q=https:\/\/www.campaign-index.com\/view.php?J%3DJgAnJo5CkMvB9Y4WrKZXajVFTnvqhyPi8ME0OnIIf5w%26C%3Dn1f8My89202yLgutbrM805zA&amp;source=gmail&amp;ust=1759908001862000&amp;usg=AOvVaw0VcEl0_1iW0ckArv7WbaCH\">butllet\u00ed UdG Divulgaci\u00f3<\/a>\u00a0on s&#8217;ofereixen activitats de recerca per a estudiants d&#8217;ESO, BAT, CFGM i CFGM<\/p>\n","protected":false},"excerpt":{"rendered":"<p>La Fundaci\u00f3 Catalana per a la Recerca i la Innovaci\u00f3 (FCRI), amb el suport del Departament d\u2019Educaci\u00f3, organitza la 30a edici\u00f3 de la Setmana de la Ci\u00e8ncia, que se celebrar\u00e0 del 7 al 16 de novembre, arreu de Catalunya.<\/p>\n","protected":false},"author":3,"featured_media":26420,"comment_status":"closed","ping_status":"open","sticky":false,"template":"","format":"standard","meta":{"_bbp_topic_count":0,"_bbp_reply_count":0,"_bbp_total_topic_count":0,"_bbp_total_reply_count":0,"_bbp_voice_count":0,"_bbp_anonymous_reply_count":0,"_bbp_topic_count_hidden":0,"_bbp_reply_count_hidden":0,"_bbp_forum_subforum_count":0,"site-sidebar-layout":"default","site-content-layout":"","ast-site-content-layout":"","site-content-style":"default","site-sidebar-style":"default","ast-global-header-display":"","ast-banner-title-visibility":"","ast-main-header-display":"","ast-hfb-above-header-display":"","ast-hfb-below-header-display":"","ast-hfb-mobile-header-display":"","site-post-title":"","ast-breadcrumbs-content":"","ast-featured-img":"","footer-sml-layout":"","theme-transparent-header-meta":"","adv-header-id-meta":"","stick-header-meta":"","header-above-stick-meta":"","header-main-stick-meta":"","header-below-stick-meta":"","astra-migrate-meta-layouts":"default","ast-page-background-enabled":"default","ast-page-background-meta":{"desktop":{"background-color":"var(--ast-global-color-4)","background-image":"","background-repeat":"repeat","background-position":"center center","background-size":"auto","background-attachment":"scroll","background-type":"","background-media":"","overlay-type":"","overlay-color":"","overlay-opacity":"","overlay-gradient":""},"tablet":{"background-color":"","background-image":"","background-repeat":"repeat","background-position":"center center","background-size":"auto","background-attachment":"scroll","background-type":"","background-media":"","overlay-type":"","overlay-color":"","overlay-opacity":"","overlay-gradient":""},"mobile":{"background-color":"","background-image":"","background-repeat":"repeat","background-position":"center center","background-size":"auto","background-attachment":"scroll","background-type":"","background-media":"","overlay-type":"","overlay-color":"","overlay-opacity":"","overlay-gradient":""}},"ast-content-background-meta":{"desktop":{"background-color":"var(--ast-global-color-5)","background-image":"","background-repeat":"repeat","background-position":"center center","background-size":"auto","background-attachment":"scroll","background-type":"","background-media":"","overlay-type":"","overlay-color":"","overlay-opacity":"","overlay-gradient":""},"tablet":{"background-color":"var(--ast-global-color-5)","background-image":"","background-repeat":"repeat","background-position":"center center","background-size":"auto","background-attachment":"scroll","background-type":"","background-media":"","overlay-type":"","overlay-color":"","overlay-opacity":"","overlay-gradient":""},"mobile":{"background-color":"var(--ast-global-color-5)","background-image":"","background-repeat":"repeat","background-position":"center center","background-size":"auto","background-attachment":"scroll","background-type":"","background-media":"","overlay-type":"","overlay-color":"","overlay-opacity":"","overlay-gradient":""}},"footnotes":""},"categories":[1,29],"tags":[250,86,179],"class_list":["post-26416","post","type-post","status-publish","format-standard","has-post-thumbnail","hentry","category-general","category-portada","tag-ciencia","tag-ciencies","tag-educacio-secundaria"],"post_mailing_queue_ids":[],"_links":{"self":[{"href":"https:\/\/serveiseducatius.xtec.cat\/altemporda\/wp-json\/wp\/v2\/posts\/26416","targetHints":{"allow":["GET"]}}],"collection":[{"href":"https:\/\/serveiseducatius.xtec.cat\/altemporda\/wp-json\/wp\/v2\/posts"}],"about":[{"href":"https:\/\/serveiseducatius.xtec.cat\/altemporda\/wp-json\/wp\/v2\/types\/post"}],"author":[{"embeddable":true,"href":"https:\/\/serveiseducatius.xtec.cat\/altemporda\/wp-json\/wp\/v2\/users\/3"}],"replies":[{"embeddable":true,"href":"https:\/\/serveiseducatius.xtec.cat\/altemporda\/wp-json\/wp\/v2\/comments?post=26416"}],"version-history":[{"count":5,"href":"https:\/\/serveiseducatius.xtec.cat\/altemporda\/wp-json\/wp\/v2\/posts\/26416\/revisions"}],"predecessor-version":[{"id":26432,"href":"https:\/\/serveiseducatius.xtec.cat\/altemporda\/wp-json\/wp\/v2\/posts\/26416\/revisions\/26432"}],"wp:featuredmedia":[{"embeddable":true,"href":"https:\/\/serveiseducatius.xtec.cat\/altemporda\/wp-json\/wp\/v2\/media\/26420"}],"wp:attachment":[{"href":"https:\/\/serveiseducatius.xtec.cat\/altemporda\/wp-json\/wp\/v2\/media?parent=26416"}],"wp:term":[{"taxonomy":"category","embeddable":true,"href":"https:\/\/serveiseducatius.xtec.cat\/altemporda\/wp-json\/wp\/v2\/categories?post=26416"},{"taxonomy":"post_tag","embeddable":true,"href":"https:\/\/serveiseducatius.xtec.cat\/altemporda\/wp-json\/wp\/v2\/tags?post=26416"}],"curies":[{"name":"wp","href":"https:\/\/api.w.org\/{rel}","templated":true}]}}