{"id":25297,"date":"2025-04-08T10:36:53","date_gmt":"2025-04-08T08:36:53","guid":{"rendered":"https:\/\/serveiseducatius.xtec.cat\/altemporda\/?p=25297"},"modified":"2025-04-08T16:14:05","modified_gmt":"2025-04-08T14:14:05","slug":"el-gt-va-de-ciencia-a-l11a-fira-de-ciencia-en-equip","status":"publish","type":"post","link":"https:\/\/serveiseducatius.xtec.cat\/altemporda\/portada\/el-gt-va-de-ciencia-a-l11a-fira-de-ciencia-en-equip\/","title":{"rendered":"El GT Va de Ci\u00e8ncia a l&#8217;11a Fira de Ci\u00e8ncia en Equip"},"content":{"rendered":"<p>El <em>GT de Ci\u00e8ncia Compromesa<\/em> constitu\u00eft per professorat de ci\u00e8ncies dels instituts de l&#8217;Alt Empord\u00e0, sota el nom de <strong>Va de Ci\u00e8ncia<\/strong>, un any m\u00e9s, ha participat a la Fira de Ci\u00e8ncia en Equip de Girona.<\/p>\n<p><a href=\"https:\/\/serveiseducatius.xtec.cat\/altemporda\/wp-content\/uploads\/usu1156\/2025\/04\/IMG-20250405-WA0004-3.jpg\"><img loading=\"lazy\" decoding=\"async\" class=\"alignnone size-large wp-image-25298\" src=\"https:\/\/serveiseducatius.xtec.cat\/altemporda\/wp-content\/uploads\/usu1156\/2025\/04\/IMG-20250405-WA0004-3-1024x576.jpg\" alt=\"\" width=\"1024\" height=\"576\" srcset=\"https:\/\/serveiseducatius.xtec.cat\/altemporda\/wp-content\/uploads\/usu1156\/2025\/04\/IMG-20250405-WA0004-3-1024x576.jpg 1024w, https:\/\/serveiseducatius.xtec.cat\/altemporda\/wp-content\/uploads\/usu1156\/2025\/04\/IMG-20250405-WA0004-3-300x169.jpg 300w, https:\/\/serveiseducatius.xtec.cat\/altemporda\/wp-content\/uploads\/usu1156\/2025\/04\/IMG-20250405-WA0004-3-768x432.jpg 768w, https:\/\/serveiseducatius.xtec.cat\/altemporda\/wp-content\/uploads\/usu1156\/2025\/04\/IMG-20250405-WA0004-3-1536x864.jpg 1536w, https:\/\/serveiseducatius.xtec.cat\/altemporda\/wp-content\/uploads\/usu1156\/2025\/04\/IMG-20250405-WA0004-3.jpg 1600w\" sizes=\"auto, (max-width: 1024px) 100vw, 1024px\" \/><\/a><\/p>\n<p>Aquesta fira de ci\u00e8ncia est\u00e0 protagonitzada b\u00e0sicament per alumnat de secund\u00e0ria de diferents instituts de les comarques gironines i adre\u00e7ada a tota la ciutadania (alumnat d\u2019infantil, prim\u00e0ria i secund\u00e0ria, joves universitaris, professorat, fam\u00edlies\u2026).<\/p>\n<p>Alumnes i professors dels instituts alt-empordanesos de Vilafant (Ins de Vilafant), de Figueres (Ins. Olivar Gran, Ins Cendrassos, Ins Ramon Muntaner, La Salle), de Llan\u00e7\u00e0 (Ins de Llan\u00e7\u00e0), de Roses (Ins. Cap Norfeu), de Castell\u00f3 d&#8217;Emp\u00faries (Ins Castell\u00f3 d &#8216;Emp\u00faries) i de Peralada (Ins de Peralada) tots units sota el nom de de Va de ci\u00e8ncia han tenyit els carrers de rosa i groc tot fent ci\u00e8ncia. Els alumnes acompanyats dels professors han presentat m\u00e9s de 15 experiments de biologia, de qu\u00edmica, de geologia i f\u00edsica. Tots hem gaudit molt d&#8217;aquesta jornada de ci\u00e8ncia.<\/p>\n<p><a href=\"https:\/\/serveiseducatius.xtec.cat\/altemporda\/wp-content\/uploads\/usu1156\/2025\/04\/IMG-20250405-WA0053-2.jpg\">\u00a0 \u00a0 \u00a0 \u00a0 \u00a0 \u00a0 \u00a0 \u00a0 \u00a0 \u00a0 \u00a0 \u00a0 \u00a0 \u00a0 \u00a0 \u00a0 \u00a0 \u00a0 \u00a0 \u00a0 \u00a0 \u00a0 \u00a0 \u00a0 \u00a0<img loading=\"lazy\" decoding=\"async\" class=\"alignnone wp-image-25300\" src=\"https:\/\/serveiseducatius.xtec.cat\/altemporda\/wp-content\/uploads\/usu1156\/2025\/04\/IMG-20250405-WA0053-2-768x1024.jpg\" alt=\"\" width=\"240\" height=\"320\" srcset=\"https:\/\/serveiseducatius.xtec.cat\/altemporda\/wp-content\/uploads\/usu1156\/2025\/04\/IMG-20250405-WA0053-2-768x1024.jpg 768w, https:\/\/serveiseducatius.xtec.cat\/altemporda\/wp-content\/uploads\/usu1156\/2025\/04\/IMG-20250405-WA0053-2-225x300.jpg 225w, https:\/\/serveiseducatius.xtec.cat\/altemporda\/wp-content\/uploads\/usu1156\/2025\/04\/IMG-20250405-WA0053-2-1152x1536.jpg 1152w, https:\/\/serveiseducatius.xtec.cat\/altemporda\/wp-content\/uploads\/usu1156\/2025\/04\/IMG-20250405-WA0053-2.jpg 1530w\" sizes=\"auto, (max-width: 240px) 100vw, 240px\" \/><\/a> <a href=\"https:\/\/serveiseducatius.xtec.cat\/altemporda\/wp-content\/uploads\/usu1156\/2025\/04\/IMG-20250405-WA0059-1.jpg\"><img loading=\"lazy\" decoding=\"async\" class=\"alignnone wp-image-25301\" src=\"https:\/\/serveiseducatius.xtec.cat\/altemporda\/wp-content\/uploads\/usu1156\/2025\/04\/IMG-20250405-WA0059-1-768x1024.jpg\" alt=\"\" width=\"240\" height=\"320\" srcset=\"https:\/\/serveiseducatius.xtec.cat\/altemporda\/wp-content\/uploads\/usu1156\/2025\/04\/IMG-20250405-WA0059-1-768x1024.jpg 768w, https:\/\/serveiseducatius.xtec.cat\/altemporda\/wp-content\/uploads\/usu1156\/2025\/04\/IMG-20250405-WA0059-1-225x300.jpg 225w, https:\/\/serveiseducatius.xtec.cat\/altemporda\/wp-content\/uploads\/usu1156\/2025\/04\/IMG-20250405-WA0059-1-1152x1536.jpg 1152w, https:\/\/serveiseducatius.xtec.cat\/altemporda\/wp-content\/uploads\/usu1156\/2025\/04\/IMG-20250405-WA0059-1.jpg 1530w\" sizes=\"auto, (max-width: 240px) 100vw, 240px\" \/><\/a><\/p>\n<p>Veure m\u00e9s informaci\u00f3 i imatges a la <a href=\"https:\/\/sites.google.com\/xtec.cat\/gt-ciencia-compromesa-ae\/hist%C3%B2ric-de-fires\/va-de-ci%C3%A8ncia-2023-2024?authuser=0\">web del SEAE.<\/a><\/p>\n","protected":false},"excerpt":{"rendered":"<p>Un any m\u00e9s el GT de Ci\u00e8ncia compromesa participa en la Fira de Ci\u00e8ncia en equip que tingut lloc aquest dissabte 5 d&#8217;abril a Girona.<\/p>\n","protected":false},"author":96,"featured_media":25298,"comment_status":"closed","ping_status":"closed","sticky":false,"template":"","format":"standard","meta":{"_bbp_topic_count":0,"_bbp_reply_count":0,"_bbp_total_topic_count":0,"_bbp_total_reply_count":0,"_bbp_voice_count":0,"_bbp_anonymous_reply_count":0,"_bbp_topic_count_hidden":0,"_bbp_reply_count_hidden":0,"_bbp_forum_subforum_count":0,"site-sidebar-layout":"default","site-content-layout":"","ast-site-content-layout":"","site-content-style":"default","site-sidebar-style":"default","ast-global-header-display":"","ast-banner-title-visibility":"","ast-main-header-display":"","ast-hfb-above-header-display":"","ast-hfb-below-header-display":"","ast-hfb-mobile-header-display":"","site-post-title":"","ast-breadcrumbs-content":"","ast-featured-img":"","footer-sml-layout":"","theme-transparent-header-meta":"","adv-header-id-meta":"","stick-header-meta":"","header-above-stick-meta":"","header-main-stick-meta":"","header-below-stick-meta":"","astra-migrate-meta-layouts":"default","ast-page-background-enabled":"default","ast-page-background-meta":{"desktop":{"background-color":"var(--ast-global-color-4)","background-image":"","background-repeat":"repeat","background-position":"center center","background-size":"auto","background-attachment":"scroll","background-type":"","background-media":"","overlay-type":"","overlay-color":"","overlay-opacity":"","overlay-gradient":""},"tablet":{"background-color":"","background-image":"","background-repeat":"repeat","background-position":"center center","background-size":"auto","background-attachment":"scroll","background-type":"","background-media":"","overlay-type":"","overlay-color":"","overlay-opacity":"","overlay-gradient":""},"mobile":{"background-color":"","background-image":"","background-repeat":"repeat","background-position":"center center","background-size":"auto","background-attachment":"scroll","background-type":"","background-media":"","overlay-type":"","overlay-color":"","overlay-opacity":"","overlay-gradient":""}},"ast-content-background-meta":{"desktop":{"background-color":"var(--ast-global-color-5)","background-image":"","background-repeat":"repeat","background-position":"center center","background-size":"auto","background-attachment":"scroll","background-type":"","background-media":"","overlay-type":"","overlay-color":"","overlay-opacity":"","overlay-gradient":""},"tablet":{"background-color":"var(--ast-global-color-5)","background-image":"","background-repeat":"repeat","background-position":"center center","background-size":"auto","background-attachment":"scroll","background-type":"","background-media":"","overlay-type":"","overlay-color":"","overlay-opacity":"","overlay-gradient":""},"mobile":{"background-color":"var(--ast-global-color-5)","background-image":"","background-repeat":"repeat","background-position":"center center","background-size":"auto","background-attachment":"scroll","background-type":"","background-media":"","overlay-type":"","overlay-color":"","overlay-opacity":"","overlay-gradient":""}},"footnotes":""},"categories":[418,29],"tags":[250,422,86,179],"class_list":["post-25297","post","type-post","status-publish","format-standard","has-post-thumbnail","hentry","category-ciencia-compromesa","category-portada","tag-ciencia","tag-ciencia-compromesa","tag-ciencies","tag-educacio-secundaria"],"post_mailing_queue_ids":[],"_links":{"self":[{"href":"https:\/\/serveiseducatius.xtec.cat\/altemporda\/wp-json\/wp\/v2\/posts\/25297","targetHints":{"allow":["GET"]}}],"collection":[{"href":"https:\/\/serveiseducatius.xtec.cat\/altemporda\/wp-json\/wp\/v2\/posts"}],"about":[{"href":"https:\/\/serveiseducatius.xtec.cat\/altemporda\/wp-json\/wp\/v2\/types\/post"}],"author":[{"embeddable":true,"href":"https:\/\/serveiseducatius.xtec.cat\/altemporda\/wp-json\/wp\/v2\/users\/96"}],"replies":[{"embeddable":true,"href":"https:\/\/serveiseducatius.xtec.cat\/altemporda\/wp-json\/wp\/v2\/comments?post=25297"}],"version-history":[{"count":6,"href":"https:\/\/serveiseducatius.xtec.cat\/altemporda\/wp-json\/wp\/v2\/posts\/25297\/revisions"}],"predecessor-version":[{"id":25307,"href":"https:\/\/serveiseducatius.xtec.cat\/altemporda\/wp-json\/wp\/v2\/posts\/25297\/revisions\/25307"}],"wp:featuredmedia":[{"embeddable":true,"href":"https:\/\/serveiseducatius.xtec.cat\/altemporda\/wp-json\/wp\/v2\/media\/25298"}],"wp:attachment":[{"href":"https:\/\/serveiseducatius.xtec.cat\/altemporda\/wp-json\/wp\/v2\/media?parent=25297"}],"wp:term":[{"taxonomy":"category","embeddable":true,"href":"https:\/\/serveiseducatius.xtec.cat\/altemporda\/wp-json\/wp\/v2\/categories?post=25297"},{"taxonomy":"post_tag","embeddable":true,"href":"https:\/\/serveiseducatius.xtec.cat\/altemporda\/wp-json\/wp\/v2\/tags?post=25297"}],"curies":[{"name":"wp","href":"https:\/\/api.w.org\/{rel}","templated":true}]}}